{"id":15275,"date":"2017-02-22T21:21:07","date_gmt":"2017-02-23T00:21:07","guid":{"rendered":"https:\/\/eldiariodesanpedro.com.ar\/sitio\/?p=15275"},"modified":"2026-01-24T00:30:59","modified_gmt":"2026-01-24T03:30:59","slug":"ciclismo-rivero-giuliani-y-genoud-destacados-en-la-zona-de-cuyo","status":"publish","type":"post","link":"https:\/\/eldiariodesanpedro.com.ar\/sitio\/ciclismo-rivero-giuliani-y-genoud-destacados-en-la-zona-de-cuyo\/","title":{"rendered":"CICLISMO: Rivero, Giuliani y Genoud destacados en la zona de cuyo"},"content":{"rendered":"<p><!-- VideographyWP Plugin Message: Automatic video embedding prevented by plugin options. --><br \/>\nFinalizadas las Vueltas a Mendoza y San Juan en cuales tres representantes de nuestra ciudad fueron protagonistas: \u00abJuanchi\u00bb Rivero en Mendoza integrando el Guaymallen, equipo que obtuvo el triunfo de la \u00faltima etapa, segundo en la general de Metas Sprint y tercero de la clasificaci\u00f3n por equipos, el podio de la 41\u00aa Vuelta a Mendoza, estuvo compuesto por: Campe\u00f3n: Juan Pablo Dotti (Bolivar) 2\u00b0 Gonzalo Najar (Jujuy) y Mauricio Quiroga (San Luis).<\/p>\n<p>La Vuelta a San Juan Master donde en la categor\u00eda Juveniles, Estanislao Genoud en acentuada participaci\u00f3n, logra en la ultima etapa, ubicarse entre los 10 primeros y obtener la 15\u00aa posici\u00f3n en la clasificaci\u00f3n general final, el  Campe\u00f3n resulto: Santiago S\u00e1nchez (San Juan), 2do. Agust\u00edn Del Negro (Roque P\u00e9rez) y 3ro. Francisco Vargas (Catamarca).<\/p>\n<p>Carlos Giuliani, Master \u00abB\u00bb, integrante del Ole Uno, equipo que en la 4ta. y \u00faltima etapa, coparon el podio, Gabriel Zamudio (Gral Alvear) en lo mas alto, seguido por Eduardo Leguizam\u00f3n (Roque P\u00e9rez) y Luis Lorenz (Esperanza) y en la Gral. Campe\u00f3n: Jos\u00e9 \u00abLa Cobra\u00bb Di Lorenzo (San Luis &#8211; Oleo Uno)  2do. Bonifacio Silvera (Uruguay), 3ro. Gabriel Zamudio (Gral. Alvear &#8211; Oleo Uno), 4to. Ra\u00fal Calamera (Santiago del Estero), 5to. Carlos Castillo (Tucum\u00e1n &#8211; Oleo Uno), 6to. Sergio Rolando (C\u00f3rdoba), 7mo. Eduardo Leguizamon (Roque P\u00e9rez &#8211; Oleo Uno), 8vo. Mois\u00e9s Carrizo (San Juan); Sin dudas brillante despe\u00f1o de los de San Pedro en tan importantes Vueltas por etapas en Mendoza y San Juan, Provincias referentes del Ciclismo en el Pa\u00eds.  <\/p>\n","protected":false},"excerpt":{"rendered":"<p>Finalizadas las Vueltas a Mendoza y San Juan en cuales tres representantes de nuestra ciudad fueron protagonistas: \u00abJuanchi\u00bb Rivero en Mendoza integrando el Guaymallen, equipo que obtuvo el triunfo de la \u00faltima etapa, segundo en la general de Metas Sprint y tercero de la clasificaci\u00f3n por equipos, el podio de la 41\u00aa Vuelta a Mendoza, [&hellip;]<\/p>\n","protected":false},"author":4,"featured_media":15276,"comment_status":"open","ping_status":"closed","sticky":false,"template":"","format":"standard","meta":{"om_disable_all_campaigns":false,"_jetpack_memberships_contains_paid_content":false,"footnotes":""},"categories":[5],"tags":[],"class_list":["post-15275","post","type-post","status-publish","format-standard","has-post-thumbnail","hentry","category-deportes"],"aioseo_notices":[],"gutentor_comment":0,"jetpack_featured_media_url":"https:\/\/eldiariodesanpedro.com.ar\/sitio\/wp-content\/uploads\/2017\/02\/Equipo-Ole-Uno-de-San-Juan-y-el-sampedrino-Carlos-Giuliani.jpg","jetpack_shortlink":"https:\/\/wp.me\/p6RhLt-3Yn","jetpack_sharing_enabled":true,"_links":{"self":[{"href":"https:\/\/eldiariodesanpedro.com.ar\/sitio\/wp-json\/wp\/v2\/posts\/15275","targetHints":{"allow":["GET"]}}],"collection":[{"href":"https:\/\/eldiariodesanpedro.com.ar\/sitio\/wp-json\/wp\/v2\/posts"}],"about":[{"href":"https:\/\/eldiariodesanpedro.com.ar\/sitio\/wp-json\/wp\/v2\/types\/post"}],"author":[{"embeddable":true,"href":"https:\/\/eldiariodesanpedro.com.ar\/sitio\/wp-json\/wp\/v2\/users\/4"}],"replies":[{"embeddable":true,"href":"https:\/\/eldiariodesanpedro.com.ar\/sitio\/wp-json\/wp\/v2\/comments?post=15275"}],"version-history":[{"count":1,"href":"https:\/\/eldiariodesanpedro.com.ar\/sitio\/wp-json\/wp\/v2\/posts\/15275\/revisions"}],"predecessor-version":[{"id":15277,"href":"https:\/\/eldiariodesanpedro.com.ar\/sitio\/wp-json\/wp\/v2\/posts\/15275\/revisions\/15277"}],"wp:featuredmedia":[{"embeddable":true,"href":"https:\/\/eldiariodesanpedro.com.ar\/sitio\/wp-json\/wp\/v2\/media\/15276"}],"wp:attachment":[{"href":"https:\/\/eldiariodesanpedro.com.ar\/sitio\/wp-json\/wp\/v2\/media?parent=15275"}],"wp:term":[{"taxonomy":"category","embeddable":true,"href":"https:\/\/eldiariodesanpedro.com.ar\/sitio\/wp-json\/wp\/v2\/categories?post=15275"},{"taxonomy":"post_tag","embeddable":true,"href":"https:\/\/eldiariodesanpedro.com.ar\/sitio\/wp-json\/wp\/v2\/tags?post=15275"}],"curies":[{"name":"wp","href":"https:\/\/api.w.org\/{rel}","templated":true}]}}