{"id":15272,"date":"2017-02-22T21:19:18","date_gmt":"2017-02-23T00:19:18","guid":{"rendered":"https:\/\/eldiariodesanpedro.com.ar\/sitio\/?p=15272"},"modified":"2026-01-24T00:30:59","modified_gmt":"2026-01-24T03:30:59","slug":"silvio-velo-san-pedro-podria-tener-un-equipo-de-futbol-para-ciegos","status":"publish","type":"post","link":"https:\/\/eldiariodesanpedro.com.ar\/sitio\/silvio-velo-san-pedro-podria-tener-un-equipo-de-futbol-para-ciegos\/","title":{"rendered":"SILVIO VELO: San Pedro podr\u00eda tener un equipo de f\u00fatbol para ciegos"},"content":{"rendered":"<p><!-- VideographyWP Plugin Message: Automatic video embedding prevented by plugin options. --><br \/>\nEl Intendente Cecilio Salazar recibi\u00f3 este martes al capit\u00e1n del seleccionado de f\u00fatbol para no videntes Silvio Velo.<\/p>\n<p>El futbolista campe\u00f3n del mundo entreg\u00f3 al Jefe Comunal una edici\u00f3n de su libro \u00abSilvio Velo, cuando hay voluntad hay mil maneras\u00bb recientemente editado.<\/p>\n<p>Juntos dialogaron sobre la posibilidad de generar un equipo que pueda representar tanto a San Pedro como al club Boca Juniors, instituci\u00f3n para la que participa en la actualidad. Para ello, Velo mantendr\u00e1 una reuni\u00f3n con integrantes de la Comisi\u00f3n de Deportes con fecha a confirmar.<\/p>\n","protected":false},"excerpt":{"rendered":"<p>El Intendente Cecilio Salazar recibi\u00f3 este martes al capit\u00e1n del seleccionado de f\u00fatbol para no videntes Silvio Velo. El futbolista campe\u00f3n del mundo entreg\u00f3 al Jefe Comunal una edici\u00f3n de su libro \u00abSilvio Velo, cuando hay voluntad hay mil maneras\u00bb recientemente editado. Juntos dialogaron sobre la posibilidad de generar un equipo que pueda representar tanto [&hellip;]<\/p>\n","protected":false},"author":4,"featured_media":15273,"comment_status":"open","ping_status":"closed","sticky":false,"template":"","format":"standard","meta":{"om_disable_all_campaigns":false,"_jetpack_memberships_contains_paid_content":false,"footnotes":""},"categories":[5],"tags":[],"class_list":["post-15272","post","type-post","status-publish","format-standard","has-post-thumbnail","hentry","category-deportes"],"aioseo_notices":[],"gutentor_comment":0,"jetpack_featured_media_url":"https:\/\/eldiariodesanpedro.com.ar\/sitio\/wp-content\/uploads\/2017\/02\/El-Intendente-Municipal-Cecilio-Salazar-junto-a-Silvio-Velo.jpg","jetpack_shortlink":"https:\/\/wp.me\/p6RhLt-3Yk","jetpack_sharing_enabled":true,"_links":{"self":[{"href":"https:\/\/eldiariodesanpedro.com.ar\/sitio\/wp-json\/wp\/v2\/posts\/15272","targetHints":{"allow":["GET"]}}],"collection":[{"href":"https:\/\/eldiariodesanpedro.com.ar\/sitio\/wp-json\/wp\/v2\/posts"}],"about":[{"href":"https:\/\/eldiariodesanpedro.com.ar\/sitio\/wp-json\/wp\/v2\/types\/post"}],"author":[{"embeddable":true,"href":"https:\/\/eldiariodesanpedro.com.ar\/sitio\/wp-json\/wp\/v2\/users\/4"}],"replies":[{"embeddable":true,"href":"https:\/\/eldiariodesanpedro.com.ar\/sitio\/wp-json\/wp\/v2\/comments?post=15272"}],"version-history":[{"count":1,"href":"https:\/\/eldiariodesanpedro.com.ar\/sitio\/wp-json\/wp\/v2\/posts\/15272\/revisions"}],"predecessor-version":[{"id":15274,"href":"https:\/\/eldiariodesanpedro.com.ar\/sitio\/wp-json\/wp\/v2\/posts\/15272\/revisions\/15274"}],"wp:featuredmedia":[{"embeddable":true,"href":"https:\/\/eldiariodesanpedro.com.ar\/sitio\/wp-json\/wp\/v2\/media\/15273"}],"wp:attachment":[{"href":"https:\/\/eldiariodesanpedro.com.ar\/sitio\/wp-json\/wp\/v2\/media?parent=15272"}],"wp:term":[{"taxonomy":"category","embeddable":true,"href":"https:\/\/eldiariodesanpedro.com.ar\/sitio\/wp-json\/wp\/v2\/categories?post=15272"},{"taxonomy":"post_tag","embeddable":true,"href":"https:\/\/eldiariodesanpedro.com.ar\/sitio\/wp-json\/wp\/v2\/tags?post=15272"}],"curies":[{"name":"wp","href":"https:\/\/api.w.org\/{rel}","templated":true}]}}