{"id":15269,"date":"2017-02-22T21:15:34","date_gmt":"2017-02-23T00:15:34","guid":{"rendered":"https:\/\/eldiariodesanpedro.com.ar\/sitio\/?p=15269"},"modified":"2017-02-22T21:15:34","modified_gmt":"2017-02-23T00:15:34","slug":"se-firmo-el-contrato-que-proveera-de-cloacas-a-8-mil-vecinos-de-san-antonio-de-areco","status":"publish","type":"post","link":"https:\/\/eldiariodesanpedro.com.ar\/sitio\/se-firmo-el-contrato-que-proveera-de-cloacas-a-8-mil-vecinos-de-san-antonio-de-areco\/","title":{"rendered":"Se firm\u00f3 el contrato que proveer\u00e1 de cloacas a 8 mil vecinos de San Antonio de Areco"},"content":{"rendered":"<p><!-- VideographyWP Plugin Message: Automatic video embedding prevented by plugin options. --><br \/>\nEn la ma\u00f1ana del lunes 20, el Intendente Dura\u00f1ona firm\u00f3 con la empresa Bor Com S.A. la adjudicaci\u00f3n de la obra de ampliaci\u00f3n de la red cloacal en la zona de las avenidas Quetgles y Smith que permitir\u00e1 a futuro que ocho mil vecinos m\u00e1s cuenten con este servicio b\u00e1sico.<\/p>\n<p>Con un monto total de m\u00e1s de $65 millones, los trabajos son los m\u00e1s importantes en materia de cloacas en la historia de la ciudad, financiadas a trav\u00e9s del ENOHSA e incluyen la construcci\u00f3n de dos colectores para conectar esta zona con la planta de tratamiento de efluentes cloacales.<\/p>\n<p>A trav\u00e9s de esta obra, 51 manzanas de la zona sur de la localidad, desde Vieytes a Burgue\u00f1o y de G\u00fciraldes a Bol\u00edvar, acceder\u00e1n al servicio: 2000 viviendas podr\u00e1n conectarse a la red cloacal y mejorar la calidad de vida de los arequeros. De esta manera, cuando los trabajos se completen, el 71% de los vecinos de Areco tendr\u00e1n acceso a la red cloacal.<\/p>\n<p>\u201cEsta obra tiene que ver con el esfuerzo y el consenso de todos y va a significar que toda la zona urbana de Areco est\u00e9 conectada a la red y que estemos preparados para la pr\u00f3xima etapa de este masterplan que permitir\u00e1 en 2019 tener 100% de cobertura de cloacas en Areco\u201d, afirm\u00f3 el Intendente Dura\u00f1ona durante la firma realizada en el Concejo Deliberante local. (Bosco Producciones)<\/p>\n","protected":false},"excerpt":{"rendered":"<p>En la ma\u00f1ana del lunes 20, el Intendente Dura\u00f1ona firm\u00f3 con la empresa Bor Com S.A. la adjudicaci\u00f3n de la obra de ampliaci\u00f3n de la red cloacal en la zona de las avenidas Quetgles y Smith que permitir\u00e1 a futuro que ocho mil vecinos m\u00e1s cuenten con este servicio b\u00e1sico. Con un monto total de [&hellip;]<\/p>\n","protected":false},"author":4,"featured_media":15270,"comment_status":"open","ping_status":"closed","sticky":false,"template":"","format":"standard","meta":{"om_disable_all_campaigns":false,"_jetpack_memberships_contains_paid_content":false,"footnotes":""},"categories":[621],"tags":[],"class_list":["post-15269","post","type-post","status-publish","format-standard","has-post-thumbnail","hentry","category-regionales"],"aioseo_notices":[],"gutentor_comment":0,"jetpack_featured_media_url":"https:\/\/eldiariodesanpedro.com.ar\/sitio\/wp-content\/uploads\/2017\/02\/contratocloacas.jpg","jetpack_shortlink":"https:\/\/wp.me\/p6RhLt-3Yh","jetpack_sharing_enabled":true,"_links":{"self":[{"href":"https:\/\/eldiariodesanpedro.com.ar\/sitio\/wp-json\/wp\/v2\/posts\/15269","targetHints":{"allow":["GET"]}}],"collection":[{"href":"https:\/\/eldiariodesanpedro.com.ar\/sitio\/wp-json\/wp\/v2\/posts"}],"about":[{"href":"https:\/\/eldiariodesanpedro.com.ar\/sitio\/wp-json\/wp\/v2\/types\/post"}],"author":[{"embeddable":true,"href":"https:\/\/eldiariodesanpedro.com.ar\/sitio\/wp-json\/wp\/v2\/users\/4"}],"replies":[{"embeddable":true,"href":"https:\/\/eldiariodesanpedro.com.ar\/sitio\/wp-json\/wp\/v2\/comments?post=15269"}],"version-history":[{"count":1,"href":"https:\/\/eldiariodesanpedro.com.ar\/sitio\/wp-json\/wp\/v2\/posts\/15269\/revisions"}],"predecessor-version":[{"id":15271,"href":"https:\/\/eldiariodesanpedro.com.ar\/sitio\/wp-json\/wp\/v2\/posts\/15269\/revisions\/15271"}],"wp:featuredmedia":[{"embeddable":true,"href":"https:\/\/eldiariodesanpedro.com.ar\/sitio\/wp-json\/wp\/v2\/media\/15270"}],"wp:attachment":[{"href":"https:\/\/eldiariodesanpedro.com.ar\/sitio\/wp-json\/wp\/v2\/media?parent=15269"}],"wp:term":[{"taxonomy":"category","embeddable":true,"href":"https:\/\/eldiariodesanpedro.com.ar\/sitio\/wp-json\/wp\/v2\/categories?post=15269"},{"taxonomy":"post_tag","embeddable":true,"href":"https:\/\/eldiariodesanpedro.com.ar\/sitio\/wp-json\/wp\/v2\/tags?post=15269"}],"curies":[{"name":"wp","href":"https:\/\/api.w.org\/{rel}","templated":true}]}}