{"id":15265,"date":"2017-02-22T21:13:43","date_gmt":"2017-02-23T00:13:43","guid":{"rendered":"https:\/\/eldiariodesanpedro.com.ar\/sitio\/?p=15265"},"modified":"2017-02-22T21:13:43","modified_gmt":"2017-02-23T00:13:43","slug":"san-nicolas-comienzan-a-definir-el-largo-proceso-de-restauracion-de-la-iglesia-catedral","status":"publish","type":"post","link":"https:\/\/eldiariodesanpedro.com.ar\/sitio\/san-nicolas-comienzan-a-definir-el-largo-proceso-de-restauracion-de-la-iglesia-catedral\/","title":{"rendered":"SAN NICOL\u00c1S: Comienzan a definir el largo proceso de restauraci\u00f3n de la Iglesia Catedral"},"content":{"rendered":"<p><!-- VideographyWP Plugin Message: Automatic video embedding prevented by plugin options. --><br \/>\n\u201cRestaurar lo da\u00f1ado implica un proceso muy largo y costoso\u201d, resumi\u00f3 el Padre Adri\u00e1n Galligani, p\u00e1rroco de la Iglesia Catedral de San Nicol\u00e1s.<\/p>\n<p>D\u00edas atr\u00e1s, la m\u00e1xima autoridad de la Direcci\u00f3n de Culto Legislativo del Congreso de la Naci\u00f3n, profesor Gerardo Di Fazio Lorenzo, estuvo en nuestra ciudad junto a un equipo de expertos a fin de ir resolviendo las cuestiones preliminares al largo proceso de restauraci\u00f3n edilicia que deber\u00e1 realizarse luego del incendio producido el pasado 26 de enero.<\/p>\n<p>La comitiva tambi\u00e9n estuvo integrada por el profesor Emilio Patricio, encargado de las relaciones del Culto Cat\u00f3lico en el Congreso. \u201cEstaban muy interesados en conocer el estado en el que se encuentra la Iglesia Catedral. Recorrimos el templo junto a un ingeniero civil, un arquitecto y una persona del equipo de restauraci\u00f3n del Senado de la Naci\u00f3n. Lo que se hicieron fue determinar las cuestiones que ser\u00e1n necesarias para instrumentar el desarme y la limpieza de lo que ha quedado\u201d, explic\u00f3 el Padre Adri\u00e1n. (Diario El Norte)<\/p>\n","protected":false},"excerpt":{"rendered":"<p>\u201cRestaurar lo da\u00f1ado implica un proceso muy largo y costoso\u201d, resumi\u00f3 el Padre Adri\u00e1n Galligani, p\u00e1rroco de la Iglesia Catedral de San Nicol\u00e1s. D\u00edas atr\u00e1s, la m\u00e1xima autoridad de la Direcci\u00f3n de Culto Legislativo del Congreso de la Naci\u00f3n, profesor Gerardo Di Fazio Lorenzo, estuvo en nuestra ciudad junto a un equipo de expertos a [&hellip;]<\/p>\n","protected":false},"author":4,"featured_media":15267,"comment_status":"open","ping_status":"closed","sticky":false,"template":"","format":"standard","meta":{"om_disable_all_campaigns":false,"_jetpack_memberships_contains_paid_content":false,"footnotes":""},"categories":[621],"tags":[],"class_list":["post-15265","post","type-post","status-publish","format-standard","has-post-thumbnail","hentry","category-regionales"],"aioseo_notices":[],"gutentor_comment":0,"jetpack_featured_media_url":"https:\/\/eldiariodesanpedro.com.ar\/sitio\/wp-content\/uploads\/2017\/02\/catedral-incendio.jpg","jetpack_shortlink":"https:\/\/wp.me\/p6RhLt-3Yd","jetpack_sharing_enabled":true,"_links":{"self":[{"href":"https:\/\/eldiariodesanpedro.com.ar\/sitio\/wp-json\/wp\/v2\/posts\/15265","targetHints":{"allow":["GET"]}}],"collection":[{"href":"https:\/\/eldiariodesanpedro.com.ar\/sitio\/wp-json\/wp\/v2\/posts"}],"about":[{"href":"https:\/\/eldiariodesanpedro.com.ar\/sitio\/wp-json\/wp\/v2\/types\/post"}],"author":[{"embeddable":true,"href":"https:\/\/eldiariodesanpedro.com.ar\/sitio\/wp-json\/wp\/v2\/users\/4"}],"replies":[{"embeddable":true,"href":"https:\/\/eldiariodesanpedro.com.ar\/sitio\/wp-json\/wp\/v2\/comments?post=15265"}],"version-history":[{"count":1,"href":"https:\/\/eldiariodesanpedro.com.ar\/sitio\/wp-json\/wp\/v2\/posts\/15265\/revisions"}],"predecessor-version":[{"id":15268,"href":"https:\/\/eldiariodesanpedro.com.ar\/sitio\/wp-json\/wp\/v2\/posts\/15265\/revisions\/15268"}],"wp:featuredmedia":[{"embeddable":true,"href":"https:\/\/eldiariodesanpedro.com.ar\/sitio\/wp-json\/wp\/v2\/media\/15267"}],"wp:attachment":[{"href":"https:\/\/eldiariodesanpedro.com.ar\/sitio\/wp-json\/wp\/v2\/media?parent=15265"}],"wp:term":[{"taxonomy":"category","embeddable":true,"href":"https:\/\/eldiariodesanpedro.com.ar\/sitio\/wp-json\/wp\/v2\/categories?post=15265"},{"taxonomy":"post_tag","embeddable":true,"href":"https:\/\/eldiariodesanpedro.com.ar\/sitio\/wp-json\/wp\/v2\/tags?post=15265"}],"curies":[{"name":"wp","href":"https:\/\/api.w.org\/{rel}","templated":true}]}}