{"id":15259,"date":"2017-02-22T21:09:40","date_gmt":"2017-02-23T00:09:40","guid":{"rendered":"https:\/\/eldiariodesanpedro.com.ar\/sitio\/?p=15259"},"modified":"2017-02-22T21:09:40","modified_gmt":"2017-02-23T00:09:40","slug":"sorpresivamente-la-planta-de-atanor-de-baradero-cerro-y-despidio-a-los-empleados","status":"publish","type":"post","link":"https:\/\/eldiariodesanpedro.com.ar\/sitio\/sorpresivamente-la-planta-de-atanor-de-baradero-cerro-y-despidio-a-los-empleados\/","title":{"rendered":"SORPRESIVAMENTE: La planta de ATANOR de Baradero cerr\u00f3 y despidi\u00f3 a los empleados"},"content":{"rendered":"<p><!-- VideographyWP Plugin Message: Automatic video embedding prevented by plugin options. --><br \/>\nSi bien los trabajadores notaban que algo extra\u00f1o ven\u00eda ocurriendo desde hace un tiempo jam\u00e1s imaginaron que se encontrar\u00edan con esta noticia al concurrir al turno de las 04 Hs de este mi\u00e9rcoles 22 de Febrero.<\/p>\n<p>Sin ning\u00fan aviso previo, se encontraron con el port\u00f3n cerrado y les entregaron el papel que publicamos.<\/p>\n<p>Nadie dio la cara, no se inform\u00f3 al sindicato simplemente pusieron un candado y les dieron este escrito.<\/p>\n<p>Atanor es una de las empresas m\u00e1s antiguas de Baradero, se inici\u00f3 como la Alcoholera hace muchos a\u00f1os.<\/p>\n<p>Siempre cont\u00f3 con el apoyo de la comunidad, incluso se postergaron otros emprendimientos por pedido de esta empresa.<\/p>\n<p>A los responsables actuales de dirigir Atanor no les import\u00f3 nada, ni siquiera por cuestiones b\u00e1sicas que hacen a las relaciones humanas.<\/p>\n<p>Atanor cerr\u00f3 sus puertas, 60 familias baraderenses quedan en la calle.<\/p>\n<p>Fuentes del Sindicato del Personal de Industrias Qu\u00edmicas y Petroqu\u00edmicas de Z\u00e1rate, confiaron en la jornada del martes al portal Enlace Cr\u00edtico de  que ser\u00eda inminente el cierre de la planta de Atanor en Baradero.<\/p>\n<p>\u201cTenemos muchas certezas que a partir de las 4 de la ma\u00f1ana de este mi\u00e9rcoles, la firma no permitir\u00eda el ingreso del personal\u201d, afirmaron las mismas fuentes.<\/p>\n<p>\u201cPor eso mismo estamos traslad\u00e1ndonos a la localidad para encontrarnos con los compa\u00f1eros a esa hora y ver qu\u00e9 es lo que sucede\u201d, contaron, subrayando que de confirmarse el trascendido, en horas de la tarde celebrar\u00e1n una asamblea para determinar los pasos a seguir.<\/p>\n<p>\u201cLa planta hoy da trabajo a alrededor de 60 personas. Otra estocada al trabajador\u201d, dijeron en el final. (Baradero Te Informa)<\/p>\n","protected":false},"excerpt":{"rendered":"<p>Si bien los trabajadores notaban que algo extra\u00f1o ven\u00eda ocurriendo desde hace un tiempo jam\u00e1s imaginaron que se encontrar\u00edan con esta noticia al concurrir al turno de las 04 Hs de este mi\u00e9rcoles 22 de Febrero. Sin ning\u00fan aviso previo, se encontraron con el port\u00f3n cerrado y les entregaron el papel que publicamos. Nadie dio [&hellip;]<\/p>\n","protected":false},"author":4,"featured_media":15262,"comment_status":"open","ping_status":"closed","sticky":false,"template":"","format":"standard","meta":{"om_disable_all_campaigns":false,"_jetpack_memberships_contains_paid_content":false,"footnotes":""},"categories":[621],"tags":[],"class_list":["post-15259","post","type-post","status-publish","format-standard","has-post-thumbnail","hentry","category-regionales"],"aioseo_notices":[],"gutentor_comment":0,"jetpack_featured_media_url":"https:\/\/eldiariodesanpedro.com.ar\/sitio\/wp-content\/uploads\/2017\/02\/Las-acciones-se-realizaron-sin-previo-aviso.jpg","jetpack_shortlink":"https:\/\/wp.me\/p6RhLt-3Y7","jetpack_sharing_enabled":true,"_links":{"self":[{"href":"https:\/\/eldiariodesanpedro.com.ar\/sitio\/wp-json\/wp\/v2\/posts\/15259","targetHints":{"allow":["GET"]}}],"collection":[{"href":"https:\/\/eldiariodesanpedro.com.ar\/sitio\/wp-json\/wp\/v2\/posts"}],"about":[{"href":"https:\/\/eldiariodesanpedro.com.ar\/sitio\/wp-json\/wp\/v2\/types\/post"}],"author":[{"embeddable":true,"href":"https:\/\/eldiariodesanpedro.com.ar\/sitio\/wp-json\/wp\/v2\/users\/4"}],"replies":[{"embeddable":true,"href":"https:\/\/eldiariodesanpedro.com.ar\/sitio\/wp-json\/wp\/v2\/comments?post=15259"}],"version-history":[{"count":1,"href":"https:\/\/eldiariodesanpedro.com.ar\/sitio\/wp-json\/wp\/v2\/posts\/15259\/revisions"}],"predecessor-version":[{"id":15263,"href":"https:\/\/eldiariodesanpedro.com.ar\/sitio\/wp-json\/wp\/v2\/posts\/15259\/revisions\/15263"}],"wp:featuredmedia":[{"embeddable":true,"href":"https:\/\/eldiariodesanpedro.com.ar\/sitio\/wp-json\/wp\/v2\/media\/15262"}],"wp:attachment":[{"href":"https:\/\/eldiariodesanpedro.com.ar\/sitio\/wp-json\/wp\/v2\/media?parent=15259"}],"wp:term":[{"taxonomy":"category","embeddable":true,"href":"https:\/\/eldiariodesanpedro.com.ar\/sitio\/wp-json\/wp\/v2\/categories?post=15259"},{"taxonomy":"post_tag","embeddable":true,"href":"https:\/\/eldiariodesanpedro.com.ar\/sitio\/wp-json\/wp\/v2\/tags?post=15259"}],"curies":[{"name":"wp","href":"https:\/\/api.w.org\/{rel}","templated":true}]}}