{"id":15256,"date":"2017-02-22T21:05:06","date_gmt":"2017-02-23T00:05:06","guid":{"rendered":"https:\/\/eldiariodesanpedro.com.ar\/sitio\/?p=15256"},"modified":"2017-02-22T21:08:51","modified_gmt":"2017-02-23T00:08:51","slug":"se-realizo-la-presentacion-del-subcomisario-adrian-fernandez-como-nuevo-jefe-de-la-policia-local","status":"publish","type":"post","link":"https:\/\/eldiariodesanpedro.com.ar\/sitio\/se-realizo-la-presentacion-del-subcomisario-adrian-fernandez-como-nuevo-jefe-de-la-policia-local\/","title":{"rendered":"Se realiz\u00f3 la presentaci\u00f3n del Subcomisario Adri\u00e1n Fern\u00e1ndez como nuevo jefe de la Polic\u00eda Local"},"content":{"rendered":"<p><!-- VideographyWP Plugin Message: Automatic video embedding prevented by plugin options. --><br \/>\nEn la ma\u00f1ana de hoy se llev\u00f3 a cabo una conferencia de prensa, encabezada por el Intendente Salazar de la que formaron parte a su vez, el Jefe Distrital Comisario Inspector Fabi\u00e1n Gallo y el titular de la comisar\u00eda el subcomisario Juan Catalano. Tambi\u00e9n particip\u00f3 el Secretario de Seguridad Eduardo Roleri, el director de Coordinaci\u00f3n Policial de esa cartera Juan Carlos Ag\u00fcero, el Juez de Falta Dr. Fabi\u00e1n Rodr\u00edguez, tambi\u00e9n otros miembros del gabinete y concejales municipales.<\/p>\n<p>En ese sentido, Salazar manifest\u00f3: \u201cEl comisario ha sido recomendado por el Ministerio de Seguridad, estuvo a cargo como  segundo jefe de la Polic\u00eda Local de Pilar\u201d y \u201chemos puesto toda la confianza en \u00e9l\u201d.<\/p>\n<p>En tanto que el mandatario sostuvo: \u201cLos efectivos de la Polic\u00eda Local viene desarrollando muy bien las tareas pero creo que con un jefe director van a seguir mejorando\u201d. \u201cLa idea es que se siga intensificando las tareas que se sigan intensificando\u201d.<\/p>\n<p>Sobre Fern\u00e1ndez, dijo: \u201cHa venido a colaborar en lo que es algo que preocupa mucho a los vecinos como es el tema de la inseguridad\u201d.<\/p>\n<p>Luego el jefe comunal dijo: \u201cFalta mucho seguramente\u201d pero \u201ccon el accionar que viene desarrollando el Comisario Gallo y el Comisario Catalano, obviamente todo su personal, y la tarea que viene desarrollando la Polic\u00eda Local creo que vamos a ir encontrando la soluci\u00f3n que la gente est\u00e1 pidiendo\u201d.<\/p>\n<p>\u201cCuando decidimos conformar la polic\u00eda local en febrero, marzo del a\u00f1o pasado, algunos lo tomaron como que no se iba a realizar pero nosotros estamos totalmente convencidos que lo \u00edbamos a hacer y fue incre\u00edble para mi que en 9 meses ya tuvi\u00e9ramos los efectivos\u201d.<\/p>\n<p>\u201cEstamos trabajando fuertemente para resolver los problemas que tenemos en San Pedro\u201d, finaliz\u00f3.<\/p>\n<p>Por su parte el nuevo jefe de la Polic\u00eda Local, dijo: \u201cLa superioridad me mand\u00f3 para ac\u00e1 con muchas pautas de trabajo, hay mucho por hacer\u201d.<\/p>\n<p>\u201cMe siento sumamente agradecido al se\u00f1or Intendente el recibimiento que me dio. Vamos a trabajar mancomunadamente como lo hicimos en Pilar, con la Jefatura de Distrito, con la Jefatura Distrital, con la Comisar\u00eda\u201d, sostuvo luego.<\/p>\n<p>\u201cVoy a dejar el cien por cien de mi trabajo ac\u00e1 y creo que va a ser muy fruct\u00edfero\u201d, asever\u00f3.<\/p>\n<div class=\"fb-video\" data-allowfullscreen=\"true\" data-href=\"https:\/\/www.facebook.com\/eldiario.desanpedro\/videos\/579476702261473\/\" style=\"background-color: #fff; display: inline-block;\"><\/div>\n","protected":false},"excerpt":{"rendered":"<p>En la ma\u00f1ana de hoy se llev\u00f3 a cabo una conferencia de prensa, encabezada por el Intendente Salazar de la que formaron parte a su vez, el Jefe Distrital Comisario Inspector Fabi\u00e1n Gallo y el titular de la comisar\u00eda el subcomisario Juan Catalano. Tambi\u00e9n particip\u00f3 el Secretario de Seguridad Eduardo Roleri, el director de Coordinaci\u00f3n [&hellip;]<\/p>\n","protected":false},"author":4,"featured_media":15257,"comment_status":"open","ping_status":"closed","sticky":false,"template":"","format":"standard","meta":{"om_disable_all_campaigns":false,"_jetpack_memberships_contains_paid_content":false,"footnotes":""},"categories":[50,2,102],"tags":[],"class_list":["post-15256","post","type-post","status-publish","format-standard","has-post-thumbnail","hentry","category-destacadas","category-locales","category-politica-locales"],"aioseo_notices":[],"gutentor_comment":0,"jetpack_featured_media_url":"https:\/\/eldiariodesanpedro.com.ar\/sitio\/wp-content\/uploads\/2017\/02\/Salazar-encabez\u00f3-la-presentaci\u00f3n-acompa\u00f1ado-del-nuevo-jefe-de-la-Polic\u00eda-Local.jpg","jetpack_shortlink":"https:\/\/wp.me\/p6RhLt-3Y4","jetpack_sharing_enabled":true,"_links":{"self":[{"href":"https:\/\/eldiariodesanpedro.com.ar\/sitio\/wp-json\/wp\/v2\/posts\/15256","targetHints":{"allow":["GET"]}}],"collection":[{"href":"https:\/\/eldiariodesanpedro.com.ar\/sitio\/wp-json\/wp\/v2\/posts"}],"about":[{"href":"https:\/\/eldiariodesanpedro.com.ar\/sitio\/wp-json\/wp\/v2\/types\/post"}],"author":[{"embeddable":true,"href":"https:\/\/eldiariodesanpedro.com.ar\/sitio\/wp-json\/wp\/v2\/users\/4"}],"replies":[{"embeddable":true,"href":"https:\/\/eldiariodesanpedro.com.ar\/sitio\/wp-json\/wp\/v2\/comments?post=15256"}],"version-history":[{"count":2,"href":"https:\/\/eldiariodesanpedro.com.ar\/sitio\/wp-json\/wp\/v2\/posts\/15256\/revisions"}],"predecessor-version":[{"id":15261,"href":"https:\/\/eldiariodesanpedro.com.ar\/sitio\/wp-json\/wp\/v2\/posts\/15256\/revisions\/15261"}],"wp:featuredmedia":[{"embeddable":true,"href":"https:\/\/eldiariodesanpedro.com.ar\/sitio\/wp-json\/wp\/v2\/media\/15257"}],"wp:attachment":[{"href":"https:\/\/eldiariodesanpedro.com.ar\/sitio\/wp-json\/wp\/v2\/media?parent=15256"}],"wp:term":[{"taxonomy":"category","embeddable":true,"href":"https:\/\/eldiariodesanpedro.com.ar\/sitio\/wp-json\/wp\/v2\/categories?post=15256"},{"taxonomy":"post_tag","embeddable":true,"href":"https:\/\/eldiariodesanpedro.com.ar\/sitio\/wp-json\/wp\/v2\/tags?post=15256"}],"curies":[{"name":"wp","href":"https:\/\/api.w.org\/{rel}","templated":true}]}}