{"id":15250,"date":"2017-02-22T20:59:20","date_gmt":"2017-02-22T23:59:20","guid":{"rendered":"https:\/\/eldiariodesanpedro.com.ar\/sitio\/?p=15250"},"modified":"2026-01-24T00:39:11","modified_gmt":"2026-01-24T03:39:11","slug":"nueva-mesa-de-anestesia-para-el-hospital","status":"publish","type":"post","link":"https:\/\/eldiariodesanpedro.com.ar\/sitio\/nueva-mesa-de-anestesia-para-el-hospital\/","title":{"rendered":"Nueva mesa de anestesia para el Hospital"},"content":{"rendered":"<p><!-- VideographyWP Plugin Message: Automatic video embedding prevented by plugin options. --><br \/>\nDesde esta semana el Hospital Dr. Emilio Ruffa cuenta con una nueva mesa de anestesia lo que permitir\u00e1 a los profesionales m\u00e9dicos trabajar con la tranquilidad de saber que cuentan con el equipamiento necesario para dar respuesta ante posibles urgencias.<\/p>\n<p>El estado en el que se encontraban las antiguas mesas oblig\u00f3 a solicitar el nuevo equipamiento valuado en $660.000. La \u00faltima mesa adquirida hab\u00eda sido donada por la Cooperadora en el 2000.<\/p>\n<p>Dando respuesta al pedido de los integrantes del Servicio de Anestesia y Cirug\u00eda del nosocomio el municipio contin\u00faa apostando a la salud p\u00fablica y el cuidado de todos los sampedrinos.<\/p>\n","protected":false},"excerpt":{"rendered":"<p>Desde esta semana el Hospital Dr. Emilio Ruffa cuenta con una nueva mesa de anestesia lo que permitir\u00e1 a los profesionales m\u00e9dicos trabajar con la tranquilidad de saber que cuentan con el equipamiento necesario para dar respuesta ante posibles urgencias. El estado en el que se encontraban las antiguas mesas oblig\u00f3 a solicitar el nuevo [&hellip;]<\/p>\n","protected":false},"author":4,"featured_media":15251,"comment_status":"open","ping_status":"closed","sticky":false,"template":"","format":"standard","meta":{"om_disable_all_campaigns":false,"_jetpack_memberships_contains_paid_content":false,"footnotes":""},"categories":[2],"tags":[],"class_list":["post-15250","post","type-post","status-publish","format-standard","has-post-thumbnail","hentry","category-locales"],"aioseo_notices":[],"gutentor_comment":0,"jetpack_featured_media_url":"https:\/\/eldiariodesanpedro.com.ar\/sitio\/wp-content\/uploads\/2017\/02\/Importante-inversi\u00f3n-en-el-Hospital.jpg","jetpack_shortlink":"https:\/\/wp.me\/p6RhLt-3XY","jetpack_sharing_enabled":true,"_links":{"self":[{"href":"https:\/\/eldiariodesanpedro.com.ar\/sitio\/wp-json\/wp\/v2\/posts\/15250","targetHints":{"allow":["GET"]}}],"collection":[{"href":"https:\/\/eldiariodesanpedro.com.ar\/sitio\/wp-json\/wp\/v2\/posts"}],"about":[{"href":"https:\/\/eldiariodesanpedro.com.ar\/sitio\/wp-json\/wp\/v2\/types\/post"}],"author":[{"embeddable":true,"href":"https:\/\/eldiariodesanpedro.com.ar\/sitio\/wp-json\/wp\/v2\/users\/4"}],"replies":[{"embeddable":true,"href":"https:\/\/eldiariodesanpedro.com.ar\/sitio\/wp-json\/wp\/v2\/comments?post=15250"}],"version-history":[{"count":1,"href":"https:\/\/eldiariodesanpedro.com.ar\/sitio\/wp-json\/wp\/v2\/posts\/15250\/revisions"}],"predecessor-version":[{"id":15252,"href":"https:\/\/eldiariodesanpedro.com.ar\/sitio\/wp-json\/wp\/v2\/posts\/15250\/revisions\/15252"}],"wp:featuredmedia":[{"embeddable":true,"href":"https:\/\/eldiariodesanpedro.com.ar\/sitio\/wp-json\/wp\/v2\/media\/15251"}],"wp:attachment":[{"href":"https:\/\/eldiariodesanpedro.com.ar\/sitio\/wp-json\/wp\/v2\/media?parent=15250"}],"wp:term":[{"taxonomy":"category","embeddable":true,"href":"https:\/\/eldiariodesanpedro.com.ar\/sitio\/wp-json\/wp\/v2\/categories?post=15250"},{"taxonomy":"post_tag","embeddable":true,"href":"https:\/\/eldiariodesanpedro.com.ar\/sitio\/wp-json\/wp\/v2\/tags?post=15250"}],"curies":[{"name":"wp","href":"https:\/\/api.w.org\/{rel}","templated":true}]}}