{"id":15246,"date":"2017-02-22T20:57:23","date_gmt":"2017-02-22T23:57:23","guid":{"rendered":"https:\/\/eldiariodesanpedro.com.ar\/sitio\/?p=15246"},"modified":"2017-02-22T20:57:23","modified_gmt":"2017-02-22T23:57:23","slug":"quitaron-el-tanque-de-fueloil-del-patio-de-la-escuela-tecnica","status":"publish","type":"post","link":"https:\/\/eldiariodesanpedro.com.ar\/sitio\/quitaron-el-tanque-de-fueloil-del-patio-de-la-escuela-tecnica\/","title":{"rendered":"Quitaron el tanque de fueloil del patio de la Escuela T\u00e9cnica"},"content":{"rendered":"<p><!-- VideographyWP Plugin Message: Automatic video embedding prevented by plugin options. --><br \/>\nSe trata de una demanda de a\u00f1os de dicha comunidad educativa que finalmente en la jornada de hoy se pudo dar soluci\u00f3n. Con maquinaria pesada se llevaron a cabo las tareas y luego una cami\u00f3n de la empresa \u201cEl Emporio del Tanque\u201d que se encarga del tratamiento de residuos especiales, lo transport\u00f3 hasta su destino final.<\/p>\n<p>El viejo contenedor de combustible se encontraba bajo tierra en el patio del establecimiento educativo, el mismo se hallaba en desuso luego que se quitara la caldera.<\/p>\n<p>La semana pasada fue vaciado y demand\u00f3 dos viajes del cami\u00f3n cisterna que transporta el l\u00edquido. En tanto que se har\u00e1 un tratamiento especial debido a la contaminaci\u00f3n que pudo haber provocado las filtraciones. Puntualmente se va a hacer una remoci\u00f3n \u00edntegra de tierra.<\/p>\n<p>Lo cierto es que la obra se incluy\u00f3 dentro del presupuesto 12 millones de pesos que contempla  mejoras, reformas y ampliaci\u00f3n del edificio.<\/p>\n","protected":false},"excerpt":{"rendered":"<p>Se trata de una demanda de a\u00f1os de dicha comunidad educativa que finalmente en la jornada de hoy se pudo dar soluci\u00f3n. Con maquinaria pesada se llevaron a cabo las tareas y luego una cami\u00f3n de la empresa \u201cEl Emporio del Tanque\u201d que se encarga del tratamiento de residuos especiales, lo transport\u00f3 hasta su destino [&hellip;]<\/p>\n","protected":false},"author":4,"featured_media":15249,"comment_status":"open","ping_status":"closed","sticky":false,"template":"","format":"standard","meta":{"om_disable_all_campaigns":false,"_jetpack_memberships_contains_paid_content":false,"footnotes":""},"categories":[101,2],"tags":[],"class_list":["post-15246","post","type-post","status-publish","format-standard","has-post-thumbnail","hentry","category-interes-general-locales","category-locales"],"aioseo_notices":[],"gutentor_comment":0,"jetpack_featured_media_url":"https:\/\/eldiariodesanpedro.com.ar\/sitio\/wp-content\/uploads\/2017\/02\/Los-trabajos-en-el-patio-de-la-escuela.jpeg","jetpack_shortlink":"https:\/\/wp.me\/p6RhLt-3XU","jetpack_sharing_enabled":true,"_links":{"self":[{"href":"https:\/\/eldiariodesanpedro.com.ar\/sitio\/wp-json\/wp\/v2\/posts\/15246","targetHints":{"allow":["GET"]}}],"collection":[{"href":"https:\/\/eldiariodesanpedro.com.ar\/sitio\/wp-json\/wp\/v2\/posts"}],"about":[{"href":"https:\/\/eldiariodesanpedro.com.ar\/sitio\/wp-json\/wp\/v2\/types\/post"}],"author":[{"embeddable":true,"href":"https:\/\/eldiariodesanpedro.com.ar\/sitio\/wp-json\/wp\/v2\/users\/4"}],"replies":[{"embeddable":true,"href":"https:\/\/eldiariodesanpedro.com.ar\/sitio\/wp-json\/wp\/v2\/comments?post=15246"}],"version-history":[{"count":1,"href":"https:\/\/eldiariodesanpedro.com.ar\/sitio\/wp-json\/wp\/v2\/posts\/15246\/revisions"}],"predecessor-version":[{"id":15248,"href":"https:\/\/eldiariodesanpedro.com.ar\/sitio\/wp-json\/wp\/v2\/posts\/15246\/revisions\/15248"}],"wp:featuredmedia":[{"embeddable":true,"href":"https:\/\/eldiariodesanpedro.com.ar\/sitio\/wp-json\/wp\/v2\/media\/15249"}],"wp:attachment":[{"href":"https:\/\/eldiariodesanpedro.com.ar\/sitio\/wp-json\/wp\/v2\/media?parent=15246"}],"wp:term":[{"taxonomy":"category","embeddable":true,"href":"https:\/\/eldiariodesanpedro.com.ar\/sitio\/wp-json\/wp\/v2\/categories?post=15246"},{"taxonomy":"post_tag","embeddable":true,"href":"https:\/\/eldiariodesanpedro.com.ar\/sitio\/wp-json\/wp\/v2\/tags?post=15246"}],"curies":[{"name":"wp","href":"https:\/\/api.w.org\/{rel}","templated":true}]}}