{"id":15233,"date":"2017-02-22T20:44:46","date_gmt":"2017-02-22T23:44:46","guid":{"rendered":"https:\/\/eldiariodesanpedro.com.ar\/sitio\/?p=15233"},"modified":"2026-01-23T23:14:33","modified_gmt":"2026-01-24T02:14:33","slug":"macri-pidio-dejar-atras-los-cortocircuitos-de-hace-algunos-anos-con-espana","status":"publish","type":"post","link":"https:\/\/eldiariodesanpedro.com.ar\/sitio\/macri-pidio-dejar-atras-los-cortocircuitos-de-hace-algunos-anos-con-espana\/","title":{"rendered":"Macri pidi\u00f3 dejar atr\u00e1s \u00ablos cortocircuitos de hace algunos a\u00f1os\u00bb con Espa\u00f1a"},"content":{"rendered":"<p><!-- VideographyWP Plugin Message: Automatic video embedding prevented by plugin options. --><br \/>\n(Infobae) &#8211; El jefe de Estado abog\u00f3 por superar la tensa relaci\u00f3n que el kirchnerismo mantuvo con ese pa\u00eds. Elogios del Rey.<\/p>\n<p>El presidente Mauricio Macri pidi\u00f3 dejar atr\u00e1s \u00ablos cortocircuitos de hace algunos a\u00f1os\u00bb con Espa\u00f1a y destac\u00f3 el buen momento que atraviesa la relaci\u00f3n bilateral, tras la tensi\u00f3n vivida durante el kirchnerismo. Lo hizo en su discurso durante la cena de gala en su honor ofrecida por los reyes de Espa\u00f1a en el Palacio Real.<\/p>\n<p>Asimismo, el jefe de Estado reclam\u00f3 \u00abacelerar el acuerdo entre la Uni\u00f3n Europea y el Mercosur\u00bb. \u00abEn un mundo en el que, en algunos sectores, los miedos llevan a querer retraerse, celebro que nosotros sigamos creyendo que la integraci\u00f3n en el mundo\u00bb, afirm\u00f3 Macri.<\/p>\n<p>El mandatario adem\u00e1s dijo que \u00aben nuestro pa\u00eds hay una corriente de afecto enorme y especial por Espa\u00f1a\u00bb, y afirm\u00f3 que \u00abdado este afecto que tenemos nos cabe un rol especial en acelerar el acuerdo entre la Uni\u00f3n Europa y Mercosur del cual habl\u00e9 con los presidentes de Brasil, Paraguay y Uruguay\u00bb.<\/p>\n<p>Macri tambi\u00e9n elogi\u00f3 al empresariado espa\u00f1ol, presente en la cena, y destac\u00f3 \u00abla enorme importancia que tienen las empresas espa\u00f1olas en Argentina que sobrevivieron a las tormentas de los \u00faltimos tiempos y siguieron d\u00e1ndonos un ejemplo de bienes y servicios de calidad\u00bb.<\/p>\n<p>\u00abCon la estabilidad macroecon\u00f3mica y las reglas claras redoblen su entusiasmo para acompa\u00f1arnos en el desarrollo, especialmente a las Pymes, para que vengan a asociarse y nos ayuden a reducir la pobreza y la exclusi\u00f3n, el primer objetivo que tengo como gobierno\u00bb, dijo el Presidente en su breve discurso.<\/p>\n<p>Por su parte, el rey Felipe VI, quien habl\u00f3 antes que Macri, dijo que Argentina \u00abocupa un lugar prominente en el coraz\u00f3n de los espa\u00f1oles\u00bb. \u00abLo que nos une es m\u00e1s que un idioma, la cultura, los v\u00ednculos familiares, y una sola identidad manifestada en todos los \u00e1mbitos. Comaprtimos un destino iberoamericano com\u00fan y los mismos valores universales de b\u00fasqueda de la paz, solidaridad y respeto de los derechos de las personas\u00bb, agreg\u00f3 Felipe VI.<\/p>\n<p>El Rey tambi\u00e9n pidi\u00f3 aumentar la relaci\u00f3n entre los pa\u00edses, y consider\u00f3 que para lograr \u00ablas cuotas m\u00e1s altas de prosperidad econ\u00f3mica y justicia social\u00bb es necesario \u00abtrascender la soberan\u00eda nacional y mayor cooperaci\u00f3n a nivel regional y global\u00bb.<\/p>\n<p>\u00abDesde Espa\u00f1a se sigue con gran inter\u00e9s el proceso de transformaci\u00f3n que vive la Argentina para sentar las bases de un crecimiento econ\u00f3mico sostenido y equilibrado. Aplaudo sus esfuerzos y de su equipo y le deseo el mayor de los \u00e9xitos para su continente y hermanos latinoamericanos\u00bb, concluy\u00f3 el Rey.<\/p>\n<p><strong> Macri recibi\u00f3 la Llave de Oro de Madrid<\/strong><\/p>\n<p>En una ceremonia realizada en el Sal\u00f3n de los Plenos de la casa municipal, en la Plaza de la Villa el mandatario argentino fue condecorado por la alcaldesa de la capital espa\u00f1ola, Manuela Carmena, quien le entreg\u00f3 la Llave de Oro de esa ciudad.<\/p>\n<p>Macri, que fue recibido por la alcaldesa y concejales madrile\u00f1os, agradeci\u00f3 la condecoraci\u00f3n y dijo que \u00ablo m\u00e1s democr\u00e1tico que uno puede hacer en su accionar como alcalde es la mejora del espacio p\u00fablico, donde somos todos iguales y necesitamos compartirlo, sobre todo aquellos que menos tienen\u00bb.<\/p>\n<p>\u00abHay tambi\u00e9n un desaf\u00edo que hemos compartido con Madrid cuando yo era alcalde de Buenos Aires, que es la lucha contra el cambio clim\u00e1tico\u00bb, agreg\u00f3 el Presidente, quien adem\u00e1s consider\u00f3 que el viaje a Espa\u00f1a busca \u00abreafirmar el v\u00ednculo afectivo\u00bb que une a los dos pa\u00edses \u00aben un momento en el que despu\u00e9s de grandes problemas en nuestras sociedades, hemos comenzado a crecer\u00bb.<\/p>\n","protected":false},"excerpt":{"rendered":"<p>(Infobae) &#8211; El jefe de Estado abog\u00f3 por superar la tensa relaci\u00f3n que el kirchnerismo mantuvo con ese pa\u00eds. Elogios del Rey. El presidente Mauricio Macri pidi\u00f3 dejar atr\u00e1s \u00ablos cortocircuitos de hace algunos a\u00f1os\u00bb con Espa\u00f1a y destac\u00f3 el buen momento que atraviesa la relaci\u00f3n bilateral, tras la tensi\u00f3n vivida durante el kirchnerismo. Lo [&hellip;]<\/p>\n","protected":false},"author":4,"featured_media":15234,"comment_status":"open","ping_status":"closed","sticky":false,"template":"","format":"standard","meta":{"om_disable_all_campaigns":false,"_jetpack_memberships_contains_paid_content":false,"footnotes":""},"categories":[3],"tags":[],"class_list":["post-15233","post","type-post","status-publish","format-standard","has-post-thumbnail","hentry","category-nacionales"],"aioseo_notices":[],"gutentor_comment":0,"jetpack_featured_media_url":"https:\/\/eldiariodesanpedro.com.ar\/sitio\/wp-content\/uploads\/2017\/02\/Macri.jpg","jetpack_shortlink":"https:\/\/wp.me\/p6RhLt-3XH","jetpack_sharing_enabled":true,"_links":{"self":[{"href":"https:\/\/eldiariodesanpedro.com.ar\/sitio\/wp-json\/wp\/v2\/posts\/15233","targetHints":{"allow":["GET"]}}],"collection":[{"href":"https:\/\/eldiariodesanpedro.com.ar\/sitio\/wp-json\/wp\/v2\/posts"}],"about":[{"href":"https:\/\/eldiariodesanpedro.com.ar\/sitio\/wp-json\/wp\/v2\/types\/post"}],"author":[{"embeddable":true,"href":"https:\/\/eldiariodesanpedro.com.ar\/sitio\/wp-json\/wp\/v2\/users\/4"}],"replies":[{"embeddable":true,"href":"https:\/\/eldiariodesanpedro.com.ar\/sitio\/wp-json\/wp\/v2\/comments?post=15233"}],"version-history":[{"count":1,"href":"https:\/\/eldiariodesanpedro.com.ar\/sitio\/wp-json\/wp\/v2\/posts\/15233\/revisions"}],"predecessor-version":[{"id":15235,"href":"https:\/\/eldiariodesanpedro.com.ar\/sitio\/wp-json\/wp\/v2\/posts\/15233\/revisions\/15235"}],"wp:featuredmedia":[{"embeddable":true,"href":"https:\/\/eldiariodesanpedro.com.ar\/sitio\/wp-json\/wp\/v2\/media\/15234"}],"wp:attachment":[{"href":"https:\/\/eldiariodesanpedro.com.ar\/sitio\/wp-json\/wp\/v2\/media?parent=15233"}],"wp:term":[{"taxonomy":"category","embeddable":true,"href":"https:\/\/eldiariodesanpedro.com.ar\/sitio\/wp-json\/wp\/v2\/categories?post=15233"},{"taxonomy":"post_tag","embeddable":true,"href":"https:\/\/eldiariodesanpedro.com.ar\/sitio\/wp-json\/wp\/v2\/tags?post=15233"}],"curies":[{"name":"wp","href":"https:\/\/api.w.org\/{rel}","templated":true}]}}