{"id":15223,"date":"2017-02-22T20:26:26","date_gmt":"2017-02-22T23:26:26","guid":{"rendered":"https:\/\/eldiariodesanpedro.com.ar\/sitio\/?p=15223"},"modified":"2026-01-23T23:20:21","modified_gmt":"2026-01-24T02:20:21","slug":"la-mayoria-de-las-290-mujeres-asesinadas-en-2016-no-habia-denunciado-la-violencia","status":"publish","type":"post","link":"https:\/\/eldiariodesanpedro.com.ar\/sitio\/la-mayoria-de-las-290-mujeres-asesinadas-en-2016-no-habia-denunciado-la-violencia\/","title":{"rendered":"La mayor\u00eda de las 290 mujeres asesinadas en 2016 no hab\u00eda denunciado la violencia"},"content":{"rendered":"<p><!-- VideographyWP Plugin Message: Automatic video embedding prevented by plugin options. --><br \/>\n(T\u00e9lam) &#8211; El 84% de las v\u00edctimas de femicidios del a\u00f1o pasado no hab\u00eda realizado denuncias, la mayor\u00eda fueron apu\u00f1aladas y hay un incremento de los abusos sexuales, seg\u00fan el informe presentado por La Casa del Encuentro.<\/p>\n<p>El informe fue presentado durante una conferencia en el Congreso Nacional, donde se espera la sanci\u00f3n de dos leyes que protejan a los 1.859 menores que quedaron hu\u00e9rfanos por este delito identificados en los 9 a\u00f1os de estad\u00edsticas de la ONG.<\/p>\n<p>\u00abLas v\u00edctimas no conf\u00edan en que se las va a proteger, no conf\u00edan en la justicia y no hacen la denuncia; por eso, seg\u00fan nuestro informe 2016, de las 290 mujeres asesinadas, s\u00f3lo 28 la hab\u00edan hecho\u00bb, dijo Ada Rico, presidenta de la organizaci\u00f3n social que realiza los informes de femicidios desde 2008, recuento basado en las noticias publicadas en 121 medios nacionales, incluida esta agencia.<\/p>\n<p>Las estad\u00edsticas, que abarcan los asesinatos de mujeres cometidos entre el 1 de enero y el 31 de diciembre, identificaron tambi\u00e9n 37 femicidios vinculados de hombres y ni\u00f1os que intentaron salvar a la mujer o fueron asesinados para &#8216;castigar&#8217; a la v\u00edctima, adem\u00e1s de reportar que quedaron sin mam\u00e1 401 personas, de las cuales 242 menores de 18 a\u00f1os.<\/p>\n<p>\u00abEstamos llevando nuestro trabajo al Senado nacional porque es urgente que se apruebe el proyecto de ley que presentamos para otorgar una reparaci\u00f3n econ\u00f3mica estatal a los menores de edad hu\u00e9rfanos a causa de femicidios\u00bb, destac\u00f3 la dirigente social, quien a\u00f1adi\u00f3 que \u00abesperamos que se avance con el proyecto de ley de p\u00e9rdida autom\u00e1tica de la responsabilidad parental del femicida condenado\u00bb.<\/p>\n<p>Un dato que cambi\u00f3 en estos nueve a\u00f1os de informes es que la principal modalidad usada para matar fue apu\u00f1alar a las mujeres, cuando ese triste listado siempre lo encabezaba la utilizaci\u00f3n de armas de fuego. \u00abEs un dato m\u00e1s, lo que importa es que estos hombres mataron\u00bb, resalt\u00f3 la titular de la organizaci\u00f3n.<\/p>\n<p>Otra cifra que crece es la de abusos sexuales a las mujeres asesinadas, ya que el a\u00f1o pasado fueron 31, frente a los 27 de 2015 y los 21 de 2014, seg\u00fan el informe, que como en los \u00faltimos a\u00f1os relev\u00f3 que los esposos y novios son los principales victimarios, con un registro de 102 casos, y que 85 ex parejas asesinaron a las mujeres.<\/p>\n<p>En 2016 fueron v\u00edctimas dos \u00f1i\u00f1as menores de un a\u00f1o, 9 de entre 2 y 12 a\u00f1os y 27 de entre 13 y 18, pero las mujeres de entre 19 y 50 a\u00f1os siguen siendo las que encabezan el tr\u00e1gico listado, donde tambi\u00e9n se identificaron 13 adultas mayores.<\/p>\n<p>La casa sigue siendo el lugar mas inseguro para ellas, lo que ratifica la cifra de 157 femicidios entre las cuatro paredes, mientras el asesino m\u00e1s joven tiene 13 a\u00f1os y el de mayor edad, 90, y son 11 los femicidas menores de 18 a\u00f1os, de acuerdo al reporte, que identific\u00f3 a 10 embarazadas entre las v\u00edctimas fatales.<\/p>\n<p>Otros aportes del estudio son que dos eran mujeres ind\u00edgenas, 9 eran personas trans y que 49 femicidas se suicidaron luego de asesinar, un n\u00famero \u00abque se mantiene a lo largo de estos a\u00f1os\u00bb, explic\u00f3 Rico.<\/p>\n<p>Las estad\u00edsticas que aporta desde hace casi una d\u00e9cada la ONG \u00absirven para sustentar nuestros pedidos de protecci\u00f3n a las v\u00edctimas, sus familias y sus hijas e hijos\u00bb, resalt\u00f3 la titular de La Casa del Encuentro.<\/p>\n<p>Entre los reclamos realizados est\u00e1 el efectivo cumplimiento del Plan Nacional contra la violencia de g\u00e9nero con el presupuesto asignado por el Congreso, la elaboraci\u00f3n de estad\u00edsticas oficiales, la sanci\u00f3n de una ley para que no ejerzan cargos p\u00fablicos los violentos, el patrocinio jur\u00eddico gratuito a las v\u00edctimas, la creaci\u00f3n de un fuero judicial especializado, un subsidio econ\u00f3mico estatal para las sobrevivientes de maltratos, licencias laborales para las v\u00edctimas y capacitaci\u00f3n sobre el tema en todos los estamentos estatales.<\/p>\n","protected":false},"excerpt":{"rendered":"<p>(T\u00e9lam) &#8211; El 84% de las v\u00edctimas de femicidios del a\u00f1o pasado no hab\u00eda realizado denuncias, la mayor\u00eda fueron apu\u00f1aladas y hay un incremento de los abusos sexuales, seg\u00fan el informe presentado por La Casa del Encuentro. El informe fue presentado durante una conferencia en el Congreso Nacional, donde se espera la sanci\u00f3n de dos [&hellip;]<\/p>\n","protected":false},"author":4,"featured_media":15226,"comment_status":"open","ping_status":"closed","sticky":false,"template":"","format":"standard","meta":{"om_disable_all_campaigns":false,"_jetpack_memberships_contains_paid_content":false,"footnotes":""},"categories":[3],"tags":[],"class_list":["post-15223","post","type-post","status-publish","format-standard","has-post-thumbnail","hentry","category-nacionales"],"aioseo_notices":[],"gutentor_comment":0,"jetpack_featured_media_url":"https:\/\/eldiariodesanpedro.com.ar\/sitio\/wp-content\/uploads\/2017\/02\/ni-una-menos.jpg","jetpack_shortlink":"https:\/\/wp.me\/p6RhLt-3Xx","jetpack_sharing_enabled":true,"_links":{"self":[{"href":"https:\/\/eldiariodesanpedro.com.ar\/sitio\/wp-json\/wp\/v2\/posts\/15223","targetHints":{"allow":["GET"]}}],"collection":[{"href":"https:\/\/eldiariodesanpedro.com.ar\/sitio\/wp-json\/wp\/v2\/posts"}],"about":[{"href":"https:\/\/eldiariodesanpedro.com.ar\/sitio\/wp-json\/wp\/v2\/types\/post"}],"author":[{"embeddable":true,"href":"https:\/\/eldiariodesanpedro.com.ar\/sitio\/wp-json\/wp\/v2\/users\/4"}],"replies":[{"embeddable":true,"href":"https:\/\/eldiariodesanpedro.com.ar\/sitio\/wp-json\/wp\/v2\/comments?post=15223"}],"version-history":[{"count":1,"href":"https:\/\/eldiariodesanpedro.com.ar\/sitio\/wp-json\/wp\/v2\/posts\/15223\/revisions"}],"predecessor-version":[{"id":15225,"href":"https:\/\/eldiariodesanpedro.com.ar\/sitio\/wp-json\/wp\/v2\/posts\/15223\/revisions\/15225"}],"wp:featuredmedia":[{"embeddable":true,"href":"https:\/\/eldiariodesanpedro.com.ar\/sitio\/wp-json\/wp\/v2\/media\/15226"}],"wp:attachment":[{"href":"https:\/\/eldiariodesanpedro.com.ar\/sitio\/wp-json\/wp\/v2\/media?parent=15223"}],"wp:term":[{"taxonomy":"category","embeddable":true,"href":"https:\/\/eldiariodesanpedro.com.ar\/sitio\/wp-json\/wp\/v2\/categories?post=15223"},{"taxonomy":"post_tag","embeddable":true,"href":"https:\/\/eldiariodesanpedro.com.ar\/sitio\/wp-json\/wp\/v2\/tags?post=15223"}],"curies":[{"name":"wp","href":"https:\/\/api.w.org\/{rel}","templated":true}]}}