{"id":15217,"date":"2017-02-22T18:23:54","date_gmt":"2017-02-22T21:23:54","guid":{"rendered":"https:\/\/eldiariodesanpedro.com.ar\/sitio\/?p=15217"},"modified":"2017-02-22T18:23:54","modified_gmt":"2017-02-22T21:23:54","slug":"rechazo-a-la-visita-de-guillermo-moreno","status":"publish","type":"post","link":"https:\/\/eldiariodesanpedro.com.ar\/sitio\/rechazo-a-la-visita-de-guillermo-moreno\/","title":{"rendered":"Rechazo a la visita de Guillermo Moreno"},"content":{"rendered":"<p><!-- VideographyWP Plugin Message: Automatic video embedding prevented by plugin options. --><br \/>\nLa sociedad rural de San Pedro emiti\u00f3 un comunicado de prensa a los medios de comunicacion en repudio a la visita del ex Director del INDEC Guillermo Moreno quien se har\u00e1 presenten en la sede del Partido Justicialista (Belgrano 1375) en el horario pactado de las 18:00 hs pero a partir de unos retraso se presentara a las 18:30 hs.<br \/>\nEl comunicado expresa lo siguiente:<\/p>\n<p>La Sociedad Rural de San Pedro expresa su m\u00e1s en\u00e9rgico rechazo a la presencia en nuestra ciudad de uno de los principales responsables de la profunda crisis econ\u00f3mica y social que se haya generado en el pa\u00eds, como ide\u00f3logo y ejecutor de pol\u00edticas nefastas para la producci\u00f3n en la Rep\u00fablica Argentina.  Ver y escuchar al Sr. Guillermo Moreno explicando c\u00f3mo debe salir el pa\u00eds adelante despu\u00e9s de a\u00f1os de corrupci\u00f3n, soberbia y atropellos, es una bofetada para la sociedad que no podemos tolerar.  Por encarnar una de las peores caras del autoritarismo que gobern\u00f3 a la Argentina en los \u00faltimos 12 a\u00f1os, lamentamos profundamente que algunos de nuestros vecinos consideren que su manera de hacer pol\u00edtica puede aportar a la unidad y el futuro de paz que todos deseamos.<\/p>\n","protected":false},"excerpt":{"rendered":"<p>La sociedad rural de San Pedro emiti\u00f3 un comunicado de prensa a los medios de comunicacion en repudio a la visita del ex Director del INDEC Guillermo Moreno quien se har\u00e1 presenten en la sede del Partido Justicialista (Belgrano 1375) en el horario pactado de las 18:00 hs pero a partir de unos retraso se [&hellip;]<\/p>\n","protected":false},"author":4,"featured_media":15218,"comment_status":"open","ping_status":"closed","sticky":false,"template":"","format":"standard","meta":{"om_disable_all_campaigns":false,"_jetpack_memberships_contains_paid_content":false,"footnotes":""},"categories":[2,102],"tags":[],"class_list":["post-15217","post","type-post","status-publish","format-standard","has-post-thumbnail","hentry","category-locales","category-politica-locales"],"aioseo_notices":[],"gutentor_comment":0,"jetpack_featured_media_url":"https:\/\/eldiariodesanpedro.com.ar\/sitio\/wp-content\/uploads\/2017\/02\/Guillermo-Moreno.jpg","jetpack_shortlink":"https:\/\/wp.me\/p6RhLt-3Xr","jetpack_sharing_enabled":true,"_links":{"self":[{"href":"https:\/\/eldiariodesanpedro.com.ar\/sitio\/wp-json\/wp\/v2\/posts\/15217","targetHints":{"allow":["GET"]}}],"collection":[{"href":"https:\/\/eldiariodesanpedro.com.ar\/sitio\/wp-json\/wp\/v2\/posts"}],"about":[{"href":"https:\/\/eldiariodesanpedro.com.ar\/sitio\/wp-json\/wp\/v2\/types\/post"}],"author":[{"embeddable":true,"href":"https:\/\/eldiariodesanpedro.com.ar\/sitio\/wp-json\/wp\/v2\/users\/4"}],"replies":[{"embeddable":true,"href":"https:\/\/eldiariodesanpedro.com.ar\/sitio\/wp-json\/wp\/v2\/comments?post=15217"}],"version-history":[{"count":1,"href":"https:\/\/eldiariodesanpedro.com.ar\/sitio\/wp-json\/wp\/v2\/posts\/15217\/revisions"}],"predecessor-version":[{"id":15219,"href":"https:\/\/eldiariodesanpedro.com.ar\/sitio\/wp-json\/wp\/v2\/posts\/15217\/revisions\/15219"}],"wp:featuredmedia":[{"embeddable":true,"href":"https:\/\/eldiariodesanpedro.com.ar\/sitio\/wp-json\/wp\/v2\/media\/15218"}],"wp:attachment":[{"href":"https:\/\/eldiariodesanpedro.com.ar\/sitio\/wp-json\/wp\/v2\/media?parent=15217"}],"wp:term":[{"taxonomy":"category","embeddable":true,"href":"https:\/\/eldiariodesanpedro.com.ar\/sitio\/wp-json\/wp\/v2\/categories?post=15217"},{"taxonomy":"post_tag","embeddable":true,"href":"https:\/\/eldiariodesanpedro.com.ar\/sitio\/wp-json\/wp\/v2\/tags?post=15217"}],"curies":[{"name":"wp","href":"https:\/\/api.w.org\/{rel}","templated":true}]}}