{"id":15213,"date":"2017-02-22T17:26:28","date_gmt":"2017-02-22T20:26:28","guid":{"rendered":"https:\/\/eldiariodesanpedro.com.ar\/sitio\/?p=15213"},"modified":"2017-02-22T17:26:28","modified_gmt":"2017-02-22T20:26:28","slug":"se-firmo-el-primer-convenio-entre-el-circulo-medico-clinica-san-pedro-y-sanatorio-coopser","status":"publish","type":"post","link":"https:\/\/eldiariodesanpedro.com.ar\/sitio\/se-firmo-el-primer-convenio-entre-el-circulo-medico-clinica-san-pedro-y-sanatorio-coopser\/","title":{"rendered":"Se firm\u00f3 el primer convenio entre el C\u00edrculo M\u00e9dico, Cl\u00ednica San Pedro y Sanatorio COOPSER"},"content":{"rendered":"<p><!-- VideographyWP Plugin Message: Automatic video embedding prevented by plugin options. --><br \/>\nAnte la inminente apertura del Sanatorio COOPSER y con el objetivo establecer pautas de trabajo comunes para las prestaciones que recibe la comunidad de San Pedro a trav\u00e9s de los establecimientos privados, se firm\u00f3 este mediod\u00eda en el C\u00edrculo M\u00e9dico un convenio de referencia que circunscribe al \u00e1mbito de nuestra entidad la relaci\u00f3n con los profesionales que trabajan y\/o trabajar\u00e1n en ambos espacios, las obras sociales y todos los aspectos relacionados con las prestaciones.<\/p>\n<p>El Presidente del C\u00edrculo M\u00e9dico Miguel Bennozi, el Dr. Miguel Plana por la Cl\u00ednica San Pedro y el Sr.Oscar Silva por Sanatorio COOPSER firmaron este acuerdo acompa\u00f1ados por representantes de las dos instituciones.<\/p>\n<p>Desde el C\u00edrculo M\u00e9dico recibimos con alegr\u00eda la apertura del nuevo sanatorio y felicitamos a los trabajadores y a todos los que han sido parte de este proceso para recuperar las fuentes laborales y fundamentalmente a un actor imprescindible para la atenci\u00f3n de la salud en San Pedro.<\/p>\n<p><a href=\"https:\/\/eldiariodesanpedro.com.ar\/sitio\/wp-content\/uploads\/2017\/02\/convenio-clinicas1.jpg\"><img decoding=\"async\" data-attachment-id=\"15214\" data-permalink=\"https:\/\/eldiariodesanpedro.com.ar\/sitio\/se-firmo-el-primer-convenio-entre-el-circulo-medico-clinica-san-pedro-y-sanatorio-coopser\/convenio-clinicas1\/\" data-orig-file=\"https:\/\/eldiariodesanpedro.com.ar\/sitio\/wp-content\/uploads\/2017\/02\/convenio-clinicas1.jpg\" data-orig-size=\"1040,585\" data-comments-opened=\"1\" data-image-meta=\"{&quot;aperture&quot;:&quot;0&quot;,&quot;credit&quot;:&quot;&quot;,&quot;camera&quot;:&quot;&quot;,&quot;caption&quot;:&quot;&quot;,&quot;created_timestamp&quot;:&quot;0&quot;,&quot;copyright&quot;:&quot;&quot;,&quot;focal_length&quot;:&quot;0&quot;,&quot;iso&quot;:&quot;0&quot;,&quot;shutter_speed&quot;:&quot;0&quot;,&quot;title&quot;:&quot;&quot;,&quot;orientation&quot;:&quot;0&quot;}\" data-image-title=\"convenio clinicas1\" data-image-description=\"\" data-image-caption=\"\" data-large-file=\"https:\/\/eldiariodesanpedro.com.ar\/sitio\/wp-content\/uploads\/2017\/02\/convenio-clinicas1-1024x576.jpg\" class=\"alignnone  wp-image-15214 lazyload\" data-src=\"https:\/\/eldiariodesanpedro.com.ar\/sitio\/wp-content\/uploads\/2017\/02\/convenio-clinicas1-300x169.jpg\" alt=\"\" width=\"835\" height=\"470\" data-srcset=\"https:\/\/eldiariodesanpedro.com.ar\/sitio\/wp-content\/uploads\/2017\/02\/convenio-clinicas1-300x169.jpg 300w, https:\/\/eldiariodesanpedro.com.ar\/sitio\/wp-content\/uploads\/2017\/02\/convenio-clinicas1-768x432.jpg 768w, https:\/\/eldiariodesanpedro.com.ar\/sitio\/wp-content\/uploads\/2017\/02\/convenio-clinicas1-1024x576.jpg 1024w, https:\/\/eldiariodesanpedro.com.ar\/sitio\/wp-content\/uploads\/2017\/02\/convenio-clinicas1.jpg 1040w\" data-sizes=\"(max-width: 835px) 100vw, 835px\" src=\"data:image\/svg+xml;base64,PHN2ZyB3aWR0aD0iMSIgaGVpZ2h0PSIxIiB4bWxucz0iaHR0cDovL3d3dy53My5vcmcvMjAwMC9zdmciPjwvc3ZnPg==\" style=\"--smush-placeholder-width: 835px; --smush-placeholder-aspect-ratio: 835\/470;\" \/><\/a><\/p>\n","protected":false},"excerpt":{"rendered":"<p>Ante la inminente apertura del Sanatorio COOPSER y con el objetivo establecer pautas de trabajo comunes para las prestaciones que recibe la comunidad de San Pedro a trav\u00e9s de los establecimientos privados, se firm\u00f3 este mediod\u00eda en el C\u00edrculo M\u00e9dico un convenio de referencia que circunscribe al \u00e1mbito de nuestra entidad la relaci\u00f3n con los [&hellip;]<\/p>\n","protected":false},"author":4,"featured_media":15215,"comment_status":"open","ping_status":"closed","sticky":false,"template":"","format":"standard","meta":{"om_disable_all_campaigns":false,"_jetpack_memberships_contains_paid_content":false,"footnotes":""},"categories":[101,2],"tags":[],"class_list":["post-15213","post","type-post","status-publish","format-standard","has-post-thumbnail","hentry","category-interes-general-locales","category-locales"],"aioseo_notices":[],"gutentor_comment":0,"jetpack_featured_media_url":"https:\/\/eldiariodesanpedro.com.ar\/sitio\/wp-content\/uploads\/2017\/02\/convenio-clinicas2.jpg","jetpack_shortlink":"https:\/\/wp.me\/p6RhLt-3Xn","jetpack_sharing_enabled":true,"_links":{"self":[{"href":"https:\/\/eldiariodesanpedro.com.ar\/sitio\/wp-json\/wp\/v2\/posts\/15213","targetHints":{"allow":["GET"]}}],"collection":[{"href":"https:\/\/eldiariodesanpedro.com.ar\/sitio\/wp-json\/wp\/v2\/posts"}],"about":[{"href":"https:\/\/eldiariodesanpedro.com.ar\/sitio\/wp-json\/wp\/v2\/types\/post"}],"author":[{"embeddable":true,"href":"https:\/\/eldiariodesanpedro.com.ar\/sitio\/wp-json\/wp\/v2\/users\/4"}],"replies":[{"embeddable":true,"href":"https:\/\/eldiariodesanpedro.com.ar\/sitio\/wp-json\/wp\/v2\/comments?post=15213"}],"version-history":[{"count":1,"href":"https:\/\/eldiariodesanpedro.com.ar\/sitio\/wp-json\/wp\/v2\/posts\/15213\/revisions"}],"predecessor-version":[{"id":15216,"href":"https:\/\/eldiariodesanpedro.com.ar\/sitio\/wp-json\/wp\/v2\/posts\/15213\/revisions\/15216"}],"wp:featuredmedia":[{"embeddable":true,"href":"https:\/\/eldiariodesanpedro.com.ar\/sitio\/wp-json\/wp\/v2\/media\/15215"}],"wp:attachment":[{"href":"https:\/\/eldiariodesanpedro.com.ar\/sitio\/wp-json\/wp\/v2\/media?parent=15213"}],"wp:term":[{"taxonomy":"category","embeddable":true,"href":"https:\/\/eldiariodesanpedro.com.ar\/sitio\/wp-json\/wp\/v2\/categories?post=15213"},{"taxonomy":"post_tag","embeddable":true,"href":"https:\/\/eldiariodesanpedro.com.ar\/sitio\/wp-json\/wp\/v2\/tags?post=15213"}],"curies":[{"name":"wp","href":"https:\/\/api.w.org\/{rel}","templated":true}]}}