{"id":15211,"date":"2017-02-22T11:22:45","date_gmt":"2017-02-22T14:22:45","guid":{"rendered":"https:\/\/eldiariodesanpedro.com.ar\/sitio\/?p=15211"},"modified":"2017-02-22T11:22:45","modified_gmt":"2017-02-22T14:22:45","slug":"detienen-en-la-zona-del-boulevard-a-un-menor-quien-andaba-robando-con-un-cuchillo","status":"publish","type":"post","link":"https:\/\/eldiariodesanpedro.com.ar\/sitio\/detienen-en-la-zona-del-boulevard-a-un-menor-quien-andaba-robando-con-un-cuchillo\/","title":{"rendered":"Detienen en la zona del boulevard a un menor quien andaba robando con un cuchillo"},"content":{"rendered":"<p><!-- VideographyWP Plugin Message: Automatic video embedding prevented by plugin options. --><br \/>\nEn el d\u00eda de ayer a las 17:30 hs personal policial fue alertado por un ciudadano quien manifestaba que el un joven que andar\u00eda con un cuchillo tratando de robar a una chica por la zona del boluvard, a donde se dirige el personal inmediatamente donde pudieron divisar a este delincuente menor de edad que se daba a la fuga del lugar a la carrera, logrando aprehenderlo por calle Belgrano y esta misma, sustray\u00e9ndole de su poder una cuchilla con mango color negro y identific\u00e1ndolo como un menor de 16 a\u00f1os de edad. Desde la UFI del joven se dispuso la entrega a sus progenitores.<\/p>\n","protected":false},"excerpt":{"rendered":"<p>En el d\u00eda de ayer a las 17:30 hs personal policial fue alertado por un ciudadano quien manifestaba que el un joven que andar\u00eda con un cuchillo tratando de robar a una chica por la zona del boluvard, a donde se dirige el personal inmediatamente donde pudieron divisar a este delincuente menor de edad que [&hellip;]<\/p>\n","protected":false},"author":4,"featured_media":14028,"comment_status":"open","ping_status":"closed","sticky":false,"template":"","format":"standard","meta":{"om_disable_all_campaigns":false,"_jetpack_memberships_contains_paid_content":false,"footnotes":""},"categories":[2,103],"tags":[],"class_list":["post-15211","post","type-post","status-publish","format-standard","has-post-thumbnail","hentry","category-locales","category-policiales-locales"],"aioseo_notices":[],"gutentor_comment":0,"jetpack_featured_media_url":"https:\/\/eldiariodesanpedro.com.ar\/sitio\/wp-content\/uploads\/2017\/02\/El-nuevo-patrullero-que-fue-destinado-a-la-localidad..jpg","jetpack_shortlink":"https:\/\/wp.me\/p6RhLt-3Xl","jetpack_sharing_enabled":true,"_links":{"self":[{"href":"https:\/\/eldiariodesanpedro.com.ar\/sitio\/wp-json\/wp\/v2\/posts\/15211","targetHints":{"allow":["GET"]}}],"collection":[{"href":"https:\/\/eldiariodesanpedro.com.ar\/sitio\/wp-json\/wp\/v2\/posts"}],"about":[{"href":"https:\/\/eldiariodesanpedro.com.ar\/sitio\/wp-json\/wp\/v2\/types\/post"}],"author":[{"embeddable":true,"href":"https:\/\/eldiariodesanpedro.com.ar\/sitio\/wp-json\/wp\/v2\/users\/4"}],"replies":[{"embeddable":true,"href":"https:\/\/eldiariodesanpedro.com.ar\/sitio\/wp-json\/wp\/v2\/comments?post=15211"}],"version-history":[{"count":1,"href":"https:\/\/eldiariodesanpedro.com.ar\/sitio\/wp-json\/wp\/v2\/posts\/15211\/revisions"}],"predecessor-version":[{"id":15212,"href":"https:\/\/eldiariodesanpedro.com.ar\/sitio\/wp-json\/wp\/v2\/posts\/15211\/revisions\/15212"}],"wp:featuredmedia":[{"embeddable":true,"href":"https:\/\/eldiariodesanpedro.com.ar\/sitio\/wp-json\/wp\/v2\/media\/14028"}],"wp:attachment":[{"href":"https:\/\/eldiariodesanpedro.com.ar\/sitio\/wp-json\/wp\/v2\/media?parent=15211"}],"wp:term":[{"taxonomy":"category","embeddable":true,"href":"https:\/\/eldiariodesanpedro.com.ar\/sitio\/wp-json\/wp\/v2\/categories?post=15211"},{"taxonomy":"post_tag","embeddable":true,"href":"https:\/\/eldiariodesanpedro.com.ar\/sitio\/wp-json\/wp\/v2\/tags?post=15211"}],"curies":[{"name":"wp","href":"https:\/\/api.w.org\/{rel}","templated":true}]}}