{"id":15209,"date":"2017-02-22T11:11:37","date_gmt":"2017-02-22T14:11:37","guid":{"rendered":"https:\/\/eldiariodesanpedro.com.ar\/sitio\/?p=15209"},"modified":"2017-02-22T11:11:37","modified_gmt":"2017-02-22T14:11:37","slug":"policia-local-aprehendio-una-persona-con-pedido-de-captura","status":"publish","type":"post","link":"https:\/\/eldiariodesanpedro.com.ar\/sitio\/policia-local-aprehendio-una-persona-con-pedido-de-captura\/","title":{"rendered":"Polic\u00eda local aprehendi\u00f3 una persona con pedido de captura"},"content":{"rendered":"<p><!-- VideographyWP Plugin Message: Automatic video embedding prevented by plugin options. --><br \/>\nEn el d\u00eda de ayer a las 13:00 hs personal policial conjuntamente con personal de la polic\u00eda local procedi\u00f3 a la aprehensi\u00f3n de un joven de 30 a\u00f1os de edad, quien circulaba por zona c\u00e9ntrica de la ciudad estableci\u00e9ndose que el mismo pose\u00eda un pedido de captura activo del tribunal criminal de San Nicolas procedi\u00e9ndose al traslado del mismo a la comisaria local.<\/p>\n","protected":false},"excerpt":{"rendered":"<p>En el d\u00eda de ayer a las 13:00 hs personal policial conjuntamente con personal de la polic\u00eda local procedi\u00f3 a la aprehensi\u00f3n de un joven de 30 a\u00f1os de edad, quien circulaba por zona c\u00e9ntrica de la ciudad estableci\u00e9ndose que el mismo pose\u00eda un pedido de captura activo del tribunal criminal de San Nicolas procedi\u00e9ndose [&hellip;]<\/p>\n","protected":false},"author":4,"featured_media":4713,"comment_status":"open","ping_status":"closed","sticky":false,"template":"","format":"standard","meta":{"om_disable_all_campaigns":false,"_jetpack_memberships_contains_paid_content":false,"footnotes":""},"categories":[2,103],"tags":[],"class_list":["post-15209","post","type-post","status-publish","format-standard","has-post-thumbnail","hentry","category-locales","category-policiales-locales"],"aioseo_notices":[],"gutentor_comment":0,"jetpack_featured_media_url":"https:\/\/eldiariodesanpedro.com.ar\/sitio\/wp-content\/uploads\/2016\/05\/detenido.jpg","jetpack_shortlink":"https:\/\/wp.me\/p6RhLt-3Xj","jetpack_sharing_enabled":true,"_links":{"self":[{"href":"https:\/\/eldiariodesanpedro.com.ar\/sitio\/wp-json\/wp\/v2\/posts\/15209","targetHints":{"allow":["GET"]}}],"collection":[{"href":"https:\/\/eldiariodesanpedro.com.ar\/sitio\/wp-json\/wp\/v2\/posts"}],"about":[{"href":"https:\/\/eldiariodesanpedro.com.ar\/sitio\/wp-json\/wp\/v2\/types\/post"}],"author":[{"embeddable":true,"href":"https:\/\/eldiariodesanpedro.com.ar\/sitio\/wp-json\/wp\/v2\/users\/4"}],"replies":[{"embeddable":true,"href":"https:\/\/eldiariodesanpedro.com.ar\/sitio\/wp-json\/wp\/v2\/comments?post=15209"}],"version-history":[{"count":1,"href":"https:\/\/eldiariodesanpedro.com.ar\/sitio\/wp-json\/wp\/v2\/posts\/15209\/revisions"}],"predecessor-version":[{"id":15210,"href":"https:\/\/eldiariodesanpedro.com.ar\/sitio\/wp-json\/wp\/v2\/posts\/15209\/revisions\/15210"}],"wp:featuredmedia":[{"embeddable":true,"href":"https:\/\/eldiariodesanpedro.com.ar\/sitio\/wp-json\/wp\/v2\/media\/4713"}],"wp:attachment":[{"href":"https:\/\/eldiariodesanpedro.com.ar\/sitio\/wp-json\/wp\/v2\/media?parent=15209"}],"wp:term":[{"taxonomy":"category","embeddable":true,"href":"https:\/\/eldiariodesanpedro.com.ar\/sitio\/wp-json\/wp\/v2\/categories?post=15209"},{"taxonomy":"post_tag","embeddable":true,"href":"https:\/\/eldiariodesanpedro.com.ar\/sitio\/wp-json\/wp\/v2\/tags?post=15209"}],"curies":[{"name":"wp","href":"https:\/\/api.w.org\/{rel}","templated":true}]}}