{"id":15198,"date":"2017-02-21T21:59:14","date_gmt":"2017-02-22T00:59:14","guid":{"rendered":"https:\/\/eldiariodesanpedro.com.ar\/sitio\/?p=15198"},"modified":"2017-02-21T21:59:14","modified_gmt":"2017-02-22T00:59:14","slug":"pedido-de-paradero-en-la-zona-de-una-madre-y-sus-dos-hijos-oriundos-de-san-nicolas","status":"publish","type":"post","link":"https:\/\/eldiariodesanpedro.com.ar\/sitio\/pedido-de-paradero-en-la-zona-de-una-madre-y-sus-dos-hijos-oriundos-de-san-nicolas\/","title":{"rendered":"Pedido de paradero en la zona de una madre y sus dos hijos oriundos de San Nicol\u00e1s"},"content":{"rendered":"<p><!-- VideographyWP Plugin Message: Automatic video embedding prevented by plugin options. --><br \/>\nLa Unidad Funcional de Instrucci\u00f3n N\u00b0 3 de la ciudad de San Nicol\u00e1s, a cargo del Dr. Patricio M\u00fagica D\u00edaz, solicita a la poblaci\u00f3n informaci\u00f3n para dar con el paradero de la joven Natalia Soledad G\u00f3mez, de 22 a\u00f1os de edad, argentina, instruida, ama de casa, de 22 a\u00f1os, domiciliada en calle Carlos Gardel N\u00b0 239. Se ausent\u00f3 con sus hijos Charlotte Luc\u00eda Soledad de 5 a\u00f1os y Luciano Rub\u00e9n de 2 a\u00f1os de edad.<\/p>\n<p>Natalia resulta ser de contextura robusta, de 1,60 mts. de estatura, cabellos casta\u00f1o oscuro ondulado, ojos marrones, tez trigue\u00f1a, posee tatuaje en brazo izquierdo color negro con leyenda \u201cMiguel\u201d, no posee piercing, vest\u00eda bermuda jeans celeste, zapatillas color negro y rojo tipo deportiva s\u00edmil NIKE, ignor\u00e1ndose vestimenta de los menores.<\/p>\n<p>Cualquier novedad al 0336 \u2013 4423126 \u2013 4425373, comisar\u00eda Primera o al 101 Emergencias Policiales. (Diario El Informante)<\/p>\n","protected":false},"excerpt":{"rendered":"<p>La Unidad Funcional de Instrucci\u00f3n N\u00b0 3 de la ciudad de San Nicol\u00e1s, a cargo del Dr. Patricio M\u00fagica D\u00edaz, solicita a la poblaci\u00f3n informaci\u00f3n para dar con el paradero de la joven Natalia Soledad G\u00f3mez, de 22 a\u00f1os de edad, argentina, instruida, ama de casa, de 22 a\u00f1os, domiciliada en calle Carlos Gardel N\u00b0 [&hellip;]<\/p>\n","protected":false},"author":4,"featured_media":15199,"comment_status":"open","ping_status":"closed","sticky":false,"template":"","format":"standard","meta":{"om_disable_all_campaigns":false,"_jetpack_memberships_contains_paid_content":false,"footnotes":""},"categories":[50,2,103],"tags":[],"class_list":["post-15198","post","type-post","status-publish","format-standard","has-post-thumbnail","hentry","category-destacadas","category-locales","category-policiales-locales"],"aioseo_notices":[],"gutentor_comment":0,"jetpack_featured_media_url":"https:\/\/eldiariodesanpedro.com.ar\/sitio\/wp-content\/uploads\/2017\/02\/paradero.jpg","jetpack_shortlink":"https:\/\/wp.me\/p6RhLt-3X8","jetpack_sharing_enabled":true,"_links":{"self":[{"href":"https:\/\/eldiariodesanpedro.com.ar\/sitio\/wp-json\/wp\/v2\/posts\/15198","targetHints":{"allow":["GET"]}}],"collection":[{"href":"https:\/\/eldiariodesanpedro.com.ar\/sitio\/wp-json\/wp\/v2\/posts"}],"about":[{"href":"https:\/\/eldiariodesanpedro.com.ar\/sitio\/wp-json\/wp\/v2\/types\/post"}],"author":[{"embeddable":true,"href":"https:\/\/eldiariodesanpedro.com.ar\/sitio\/wp-json\/wp\/v2\/users\/4"}],"replies":[{"embeddable":true,"href":"https:\/\/eldiariodesanpedro.com.ar\/sitio\/wp-json\/wp\/v2\/comments?post=15198"}],"version-history":[{"count":1,"href":"https:\/\/eldiariodesanpedro.com.ar\/sitio\/wp-json\/wp\/v2\/posts\/15198\/revisions"}],"predecessor-version":[{"id":15200,"href":"https:\/\/eldiariodesanpedro.com.ar\/sitio\/wp-json\/wp\/v2\/posts\/15198\/revisions\/15200"}],"wp:featuredmedia":[{"embeddable":true,"href":"https:\/\/eldiariodesanpedro.com.ar\/sitio\/wp-json\/wp\/v2\/media\/15199"}],"wp:attachment":[{"href":"https:\/\/eldiariodesanpedro.com.ar\/sitio\/wp-json\/wp\/v2\/media?parent=15198"}],"wp:term":[{"taxonomy":"category","embeddable":true,"href":"https:\/\/eldiariodesanpedro.com.ar\/sitio\/wp-json\/wp\/v2\/categories?post=15198"},{"taxonomy":"post_tag","embeddable":true,"href":"https:\/\/eldiariodesanpedro.com.ar\/sitio\/wp-json\/wp\/v2\/tags?post=15198"}],"curies":[{"name":"wp","href":"https:\/\/api.w.org\/{rel}","templated":true}]}}