{"id":15190,"date":"2017-02-21T21:28:44","date_gmt":"2017-02-22T00:28:44","guid":{"rendered":"https:\/\/eldiariodesanpedro.com.ar\/sitio\/?p=15190"},"modified":"2017-02-21T21:28:44","modified_gmt":"2017-02-22T00:28:44","slug":"el-cantante-guillermo-fernandez-celebrara-medio-siglo-con-el-tango-en-zarate","status":"publish","type":"post","link":"https:\/\/eldiariodesanpedro.com.ar\/sitio\/el-cantante-guillermo-fernandez-celebrara-medio-siglo-con-el-tango-en-zarate\/","title":{"rendered":"El cantante Guillermo Fern\u00e1ndez celebrar\u00e1 medio siglo con el tango en Z\u00e1rate"},"content":{"rendered":"<p><!-- VideographyWP Plugin Message: Automatic video embedding prevented by plugin options. --><br \/>\nEl cantor, m\u00fasico, actor y compositor Guillermo Fern\u00e1ndez lleva 50 a\u00f1os junto al tango y Z\u00e1rate lo tendr\u00e1 nuevamente entre los m\u00e1s destacados artistas que subir\u00e1n al escenario del Anfiteatro Homero Exp\u00f3sito en el marco del 8\u00b0 Festival Provincial e Internacional del Tango.<\/p>\n<p>La calidad, el extenso espectro de su voz, y una prestigiosa trayectoria internacional, lo proponen como una de los principales artistas del g\u00e9nero.<\/p>\n<p>Entrevistado por Elisa Guandalini en FM Munizipium 88.9, el cantor dijo: \u201cZ\u00e1rate es una ciudad que quiero mucho, suelo de grandes admirados m\u00edos, las ciudades con puertos han dado grandes tangueros, es la mezcla perfecta del hombre de la provincia con el inmigrante\u201d.<\/p>\n<p>Luego explic\u00f3 que hace 50 a\u00f1os que est\u00e1 en el tango y que en el show que brindar\u00e1 en Z\u00e1rate girar\u00e1 en torno a sus mayores \u00e9xitos.<br \/>\n\u201cEl tango son las aguas en donde mejor nado\u201d, afirm\u00f3 el m\u00fasico, que se mostr\u00f3 entusiasmado con presentarse nuevamente en el Anfiteatro Homero Exp\u00f3sito.<\/p>\n<p>\u201cRecuerdo un programa de Grandes Valores del Tango con Virgilio al piano, Homero al lado m\u00edo y yo cantando Naranjo en Flor\u201d, mencion\u00f3 Guillermo Fern\u00e1ndez para graficar que, como comenz\u00f3 de muy chico, pudo compartir muchos momentos con los grandes del tango.<\/p>\n<p>Guillermo Fern\u00e1ndez naci\u00f3 en Buenos Aires, en el barrio de San Telmo, y desde muy peque\u00f1o se convirti\u00f3 en una figura reconocida. Debut\u00f3 en 1965, en el Canal 7 y desde ese momento, transita una carrera ascendente, actuando en los escenarios m\u00e1s importantes del pa\u00eds y tambi\u00e9n en el extranjero.<\/p>\n<p>Sus maestros fueron An\u00edbal Troilo, Lucio Demare, Carlos Figari, Roberto Goyeneche, Sebasti\u00e1n Piana, Roberto Grela, Alberto Marino, Floreal Ruiz, entre otros.<\/p>\n<p>Como actor, tiene en su haber, tres pel\u00edculas como protagonista: \u201cLa Canci\u00f3n de Buenos Aires\u201d (1980), \u201cMe robaron el papel picado\u201d (2013) y \u201cPunto Ciego\u201d (2015).  Adem\u00e1s, Guillermo se present\u00f3 en el Multiteatro de la Av. Corrientes en el musical: \u201cTe quiero, sos perfecto, cambi\u00e1\u201d, junto a Diego Ramos, Natalia Lobo y Karina K, dirigido por Ricky Pashcus. A su vez, produjo y protagoniz\u00f3 el musical tanguero \u201cUn Amor de Tango\u201d en El Teatro Col\u00f3n de Mar del Plata, en temporada de verano, y en el CC Borges, con gran \u00e9xito de p\u00fablico y cr\u00edticas.<\/p>\n<p>Su libro-disco de tangos para chicos, El Tango es Puro Cuento, que recibi\u00f3 el nombramiento de Inter\u00e9s Cultural por la Legislatura de la Ciudad de Buenos Aires, se ha convertido en un \u00e9xito de ventas, y en base a \u00e9ste ha conformado un espect\u00e1culo musical de gran recibimiento entre los m\u00e1s chicos. Han participado de este trabajo artistas como  Pedro Aznar, Teresa Parodi, Sandra Mihanovich, Alejandro Dolina, Horacio Fontova, Ligia Piro y varios m\u00fasicos y cantantes c\u00e9lebres.<\/p>\n<p>Recientemente, Guillermo Fern\u00e1ndez produjo, escribi\u00f3 y protagoniz\u00f3, la opereta \u201cGardel, el musical\u201d, recibiendo 9 nominaciones para los premios Hugo y ACE, adem\u00e1s de haberse convertido en uno de los \u00e9xitos de la temporada teatral porte\u00f1a, con excelentes cr\u00edticas de los medios nacionales.<\/p>\n<p>En la ciudad se presentar\u00e1 la noche del s\u00e1bado 25 de febrero. (Z\u00e1rate Alerta)<\/p>\n","protected":false},"excerpt":{"rendered":"<p>El cantor, m\u00fasico, actor y compositor Guillermo Fern\u00e1ndez lleva 50 a\u00f1os junto al tango y Z\u00e1rate lo tendr\u00e1 nuevamente entre los m\u00e1s destacados artistas que subir\u00e1n al escenario del Anfiteatro Homero Exp\u00f3sito en el marco del 8\u00b0 Festival Provincial e Internacional del Tango. La calidad, el extenso espectro de su voz, y una prestigiosa trayectoria [&hellip;]<\/p>\n","protected":false},"author":4,"featured_media":15191,"comment_status":"open","ping_status":"closed","sticky":false,"template":"","format":"standard","meta":{"om_disable_all_campaigns":false,"_jetpack_memberships_contains_paid_content":false,"footnotes":""},"categories":[621],"tags":[],"class_list":["post-15190","post","type-post","status-publish","format-standard","has-post-thumbnail","hentry","category-regionales"],"aioseo_notices":[],"gutentor_comment":0,"jetpack_featured_media_url":"https:\/\/eldiariodesanpedro.com.ar\/sitio\/wp-content\/uploads\/2017\/02\/Guillermo-Fern\u00e1ndez.jpeg","jetpack_shortlink":"https:\/\/wp.me\/p6RhLt-3X0","jetpack_sharing_enabled":true,"_links":{"self":[{"href":"https:\/\/eldiariodesanpedro.com.ar\/sitio\/wp-json\/wp\/v2\/posts\/15190","targetHints":{"allow":["GET"]}}],"collection":[{"href":"https:\/\/eldiariodesanpedro.com.ar\/sitio\/wp-json\/wp\/v2\/posts"}],"about":[{"href":"https:\/\/eldiariodesanpedro.com.ar\/sitio\/wp-json\/wp\/v2\/types\/post"}],"author":[{"embeddable":true,"href":"https:\/\/eldiariodesanpedro.com.ar\/sitio\/wp-json\/wp\/v2\/users\/4"}],"replies":[{"embeddable":true,"href":"https:\/\/eldiariodesanpedro.com.ar\/sitio\/wp-json\/wp\/v2\/comments?post=15190"}],"version-history":[{"count":1,"href":"https:\/\/eldiariodesanpedro.com.ar\/sitio\/wp-json\/wp\/v2\/posts\/15190\/revisions"}],"predecessor-version":[{"id":15192,"href":"https:\/\/eldiariodesanpedro.com.ar\/sitio\/wp-json\/wp\/v2\/posts\/15190\/revisions\/15192"}],"wp:featuredmedia":[{"embeddable":true,"href":"https:\/\/eldiariodesanpedro.com.ar\/sitio\/wp-json\/wp\/v2\/media\/15191"}],"wp:attachment":[{"href":"https:\/\/eldiariodesanpedro.com.ar\/sitio\/wp-json\/wp\/v2\/media?parent=15190"}],"wp:term":[{"taxonomy":"category","embeddable":true,"href":"https:\/\/eldiariodesanpedro.com.ar\/sitio\/wp-json\/wp\/v2\/categories?post=15190"},{"taxonomy":"post_tag","embeddable":true,"href":"https:\/\/eldiariodesanpedro.com.ar\/sitio\/wp-json\/wp\/v2\/tags?post=15190"}],"curies":[{"name":"wp","href":"https:\/\/api.w.org\/{rel}","templated":true}]}}