{"id":15187,"date":"2017-02-21T21:25:53","date_gmt":"2017-02-22T00:25:53","guid":{"rendered":"https:\/\/eldiariodesanpedro.com.ar\/sitio\/?p=15187"},"modified":"2017-02-21T21:25:53","modified_gmt":"2017-02-22T00:25:53","slug":"no-han-presentado-el-recurso-de-apelacion-y-la-resolucion-ha-quedado-firme","status":"publish","type":"post","link":"https:\/\/eldiariodesanpedro.com.ar\/sitio\/no-han-presentado-el-recurso-de-apelacion-y-la-resolucion-ha-quedado-firme\/","title":{"rendered":"\u201cNo han presentado el recurso de apelaci\u00f3n y la resoluci\u00f3n ha quedado firme\u201d"},"content":{"rendered":"<p><!-- VideographyWP Plugin Message: Automatic video embedding prevented by plugin options. --><br \/>\nLo confirm\u00f3 el titular de la UFI N\u00ba 5, en el marco de la causa donde se investiga el homicidio de Pedro Caballero, el pasado mes de noviembre en el bar N\u00e1pole. Ahora la defensa podr\u00e1 presentar una medida reci\u00e9n en 8 meses.<\/p>\n<p>\u201cPoco a poco nosotros vamos determinando c\u00f3mo fue la mec\u00e1nica del incidente y a trav\u00e9s de los testigos, de las m\u00faltiples testimonios y de los reconocimientos de rueda de persona\u201d, sostuvo el Fiscal Manso. Y luego afirm\u00f3: \u201cNos vamos a acercando y circunscribiendo el c\u00edrculo de los posibles autores del hecho, en este caso en concreto a una sola persona que es sobre la que actualmente pesa la coerci\u00f3n\u201d.<\/p>\n<p>Sobre la situaci\u00f3n de Monz\u00f3n, el Fiscal dijo: \u201cEste chico est\u00e1 detenido con prisi\u00f3n preventiva\u201d. \u201cEl Juez entendi\u00f3 que hay elementos para que permanezca detenido\u201d.<\/p>\n<p>Seg\u00fan se pudo establecer, por el momentos su situaci\u00f3n continuar\u00e1 de ese modo. \u201cT\u00e9cnicamente lo que podr\u00eda haber hecho la defensa es recurrir la resoluci\u00f3n\u201d, consider\u00f3 Manso y agreg\u00f3: \u201cEs pedir una revisi\u00f3n como lo que todos conocen como un recurso de apelaci\u00f3n, hasta donde yo se no lo han presentado y la resoluci\u00f3n ha quedado firme y ahora tendr\u00e1n la posibilidad de rever nuevamente en 8 meses la situaci\u00f3n procesal de este chico\u201d<\/p>\n<p>\u201cA mi me hubiera sido de sumo inter\u00e9s que hubiesen apelado para que la c\u00e1mara tambi\u00e9n examine el expediente y confirme o modifique o si lo entiende, deje sin efecto la preventiva\u201d. asever\u00f3.<\/p>\n<p>En tanto que sobre las cr\u00edticas de la familia a la investigaci\u00f3n que se llev\u00f3 a cabo desde la UFI N\u00ba 5, se\u00f1al\u00f3: \u201cLa investigaci\u00f3n est\u00e1 bien hecha, desde el punto de vista de la transparencia que cuestiona la familia y despu\u00e9s los dichos de ellos, cuenta por su cuenta\u201d.<\/p>\n<p>Otros de los cuestionamientos realizados por el padre y el hermano del joven detenido estuvo relacionada a la situaci\u00f3n de los otros presuntos part\u00edcipes. \u201cNo es el \u00fanico imputado en la causa pero es el \u00fanico sobre el cual tenemos elementos  que nos permite avanzar en lo que hace a acreditar a su responsabilidad penal\u201d, sostuvo el Fiscal. Y sobre ello sostuvo: \u201cEl incidente donde la familia de la v\u00edctima se\u00f1alaba a uno de los sospechosos como autor del mismo, que cuestionaron la actuaci\u00f3n de los funcionarios judiciales que estaban ese d\u00eda, se aclara que esa identificaci\u00f3n pero en cuanto a que ingresaban el grupo agresor, no al autor material del hecho\u201d.<\/p>\n<p>\u201cCuando escuchamos a la familia de la v\u00edctima, el no fue que nos apu\u00f1al\u00f3 pero estaba en el grupo, son dos cosas distinta\u201d, sentenci\u00f3.<\/p>\n","protected":false},"excerpt":{"rendered":"<p>Lo confirm\u00f3 el titular de la UFI N\u00ba 5, en el marco de la causa donde se investiga el homicidio de Pedro Caballero, el pasado mes de noviembre en el bar N\u00e1pole. Ahora la defensa podr\u00e1 presentar una medida reci\u00e9n en 8 meses. \u201cPoco a poco nosotros vamos determinando c\u00f3mo fue la mec\u00e1nica del incidente [&hellip;]<\/p>\n","protected":false},"author":4,"featured_media":8068,"comment_status":"open","ping_status":"closed","sticky":false,"template":"","format":"standard","meta":{"om_disable_all_campaigns":false,"_jetpack_memberships_contains_paid_content":false,"footnotes":""},"categories":[2,103],"tags":[],"class_list":["post-15187","post","type-post","status-publish","format-standard","has-post-thumbnail","hentry","category-locales","category-policiales-locales"],"aioseo_notices":[],"gutentor_comment":0,"jetpack_featured_media_url":"https:\/\/eldiariodesanpedro.com.ar\/sitio\/wp-content\/uploads\/2016\/09\/marcelo-manso.jpg","jetpack_shortlink":"https:\/\/wp.me\/p6RhLt-3WX","jetpack_sharing_enabled":true,"_links":{"self":[{"href":"https:\/\/eldiariodesanpedro.com.ar\/sitio\/wp-json\/wp\/v2\/posts\/15187","targetHints":{"allow":["GET"]}}],"collection":[{"href":"https:\/\/eldiariodesanpedro.com.ar\/sitio\/wp-json\/wp\/v2\/posts"}],"about":[{"href":"https:\/\/eldiariodesanpedro.com.ar\/sitio\/wp-json\/wp\/v2\/types\/post"}],"author":[{"embeddable":true,"href":"https:\/\/eldiariodesanpedro.com.ar\/sitio\/wp-json\/wp\/v2\/users\/4"}],"replies":[{"embeddable":true,"href":"https:\/\/eldiariodesanpedro.com.ar\/sitio\/wp-json\/wp\/v2\/comments?post=15187"}],"version-history":[{"count":1,"href":"https:\/\/eldiariodesanpedro.com.ar\/sitio\/wp-json\/wp\/v2\/posts\/15187\/revisions"}],"predecessor-version":[{"id":15188,"href":"https:\/\/eldiariodesanpedro.com.ar\/sitio\/wp-json\/wp\/v2\/posts\/15187\/revisions\/15188"}],"wp:featuredmedia":[{"embeddable":true,"href":"https:\/\/eldiariodesanpedro.com.ar\/sitio\/wp-json\/wp\/v2\/media\/8068"}],"wp:attachment":[{"href":"https:\/\/eldiariodesanpedro.com.ar\/sitio\/wp-json\/wp\/v2\/media?parent=15187"}],"wp:term":[{"taxonomy":"category","embeddable":true,"href":"https:\/\/eldiariodesanpedro.com.ar\/sitio\/wp-json\/wp\/v2\/categories?post=15187"},{"taxonomy":"post_tag","embeddable":true,"href":"https:\/\/eldiariodesanpedro.com.ar\/sitio\/wp-json\/wp\/v2\/tags?post=15187"}],"curies":[{"name":"wp","href":"https:\/\/api.w.org\/{rel}","templated":true}]}}