{"id":15183,"date":"2017-02-21T21:22:20","date_gmt":"2017-02-22T00:22:20","guid":{"rendered":"https:\/\/eldiariodesanpedro.com.ar\/sitio\/?p=15183"},"modified":"2017-02-21T21:22:20","modified_gmt":"2017-02-22T00:22:20","slug":"tres-allanamientos-en-el-marco-de-la-investigacion-por-el-homicidio-de-juan-carlos-coito","status":"publish","type":"post","link":"https:\/\/eldiariodesanpedro.com.ar\/sitio\/tres-allanamientos-en-el-marco-de-la-investigacion-por-el-homicidio-de-juan-carlos-coito\/","title":{"rendered":"Tres allanamientos en el marco de la investigaci\u00f3n por el homicidio de Juan Carlos Coito"},"content":{"rendered":"<p><!-- VideographyWP Plugin Message: Automatic video embedding prevented by plugin options. --><br \/>\nLos procedimientos se llevaron a cabo en la jornada de hoy, en el marco de las investigaciones que se llevan a cabo por el homicidio que tuvo lugar el pasado 5 de febrero.<\/p>\n<p>Personal policial de la SubDDI Baradero San Pedro, a cargo del subcomisario Carlos Cerdeyra, junto a efectivos de comisar\u00eda local y polic\u00eda cient\u00edfica, tras el otorgamiento por el Juzgado de Garant\u00edas N\u00ba3, a requerimiento de la Fiscal\u00eda N\u00ba 11, concretaron tres allanamientos en el Barrio Futuro, lugar donde se secuestraron elementos de inter\u00e9s para la causa. <\/p>\n<p>Asimismo en uno de los inmuebles se incaut\u00f3 una escopeta calibre 14, por lo que se proces\u00f3 por tenencia ilegal de arma de fuego a su morador, il\u00edcito este \u00faltimo que tramitar\u00e1 en la \u00f3rbita de la UFI N\u00ba 7 de San Pedro.<\/p>\n<p>Cabe recordar ese domingo fue hallado el cuerpo sin vida de Juan Carlos Coito (60), tras haber sido v\u00edctima de una violenta situaci\u00f3n. El mismo fue encontrado en el camino lateral lindero al cementerio.<\/p>\n<p>Junto al occiso, en el lugar se hallaban pertenencias del occiso, tales como prendas de vestir, puntualmente un zapato, entre otros elementos.<\/p>\n<p>En tanto que la autopsia determin\u00f3 que sufri\u00f3 una hemorragia cerebral masiva tras un fuerte traumatismo enc\u00e9falo craneano. En tanto que se pudo establecer que sufri\u00f3 varios golpes y es probable que haya sido agredido con un objeto contundente que le provoc\u00f3 la muerte. En tanto que los estudios determinaron tambi\u00e9n que Coito estaba vivo cuando lo prendieron fuego.<\/p>\n","protected":false},"excerpt":{"rendered":"<p>Los procedimientos se llevaron a cabo en la jornada de hoy, en el marco de las investigaciones que se llevan a cabo por el homicidio que tuvo lugar el pasado 5 de febrero. Personal policial de la SubDDI Baradero San Pedro, a cargo del subcomisario Carlos Cerdeyra, junto a efectivos de comisar\u00eda local y polic\u00eda [&hellip;]<\/p>\n","protected":false},"author":4,"featured_media":15184,"comment_status":"open","ping_status":"closed","sticky":false,"template":"","format":"standard","meta":{"om_disable_all_campaigns":false,"_jetpack_memberships_contains_paid_content":false,"footnotes":""},"categories":[2,103],"tags":[],"class_list":["post-15183","post","type-post","status-publish","format-standard","has-post-thumbnail","hentry","category-locales","category-policiales-locales"],"aioseo_notices":[],"gutentor_comment":0,"jetpack_featured_media_url":"https:\/\/eldiariodesanpedro.com.ar\/sitio\/wp-content\/uploads\/2017\/02\/Uno-de-los-allanamientos-realizados-en-el-Barrio-Futuro.jpeg","jetpack_shortlink":"https:\/\/wp.me\/p6RhLt-3WT","jetpack_sharing_enabled":true,"_links":{"self":[{"href":"https:\/\/eldiariodesanpedro.com.ar\/sitio\/wp-json\/wp\/v2\/posts\/15183","targetHints":{"allow":["GET"]}}],"collection":[{"href":"https:\/\/eldiariodesanpedro.com.ar\/sitio\/wp-json\/wp\/v2\/posts"}],"about":[{"href":"https:\/\/eldiariodesanpedro.com.ar\/sitio\/wp-json\/wp\/v2\/types\/post"}],"author":[{"embeddable":true,"href":"https:\/\/eldiariodesanpedro.com.ar\/sitio\/wp-json\/wp\/v2\/users\/4"}],"replies":[{"embeddable":true,"href":"https:\/\/eldiariodesanpedro.com.ar\/sitio\/wp-json\/wp\/v2\/comments?post=15183"}],"version-history":[{"count":1,"href":"https:\/\/eldiariodesanpedro.com.ar\/sitio\/wp-json\/wp\/v2\/posts\/15183\/revisions"}],"predecessor-version":[{"id":15185,"href":"https:\/\/eldiariodesanpedro.com.ar\/sitio\/wp-json\/wp\/v2\/posts\/15183\/revisions\/15185"}],"wp:featuredmedia":[{"embeddable":true,"href":"https:\/\/eldiariodesanpedro.com.ar\/sitio\/wp-json\/wp\/v2\/media\/15184"}],"wp:attachment":[{"href":"https:\/\/eldiariodesanpedro.com.ar\/sitio\/wp-json\/wp\/v2\/media?parent=15183"}],"wp:term":[{"taxonomy":"category","embeddable":true,"href":"https:\/\/eldiariodesanpedro.com.ar\/sitio\/wp-json\/wp\/v2\/categories?post=15183"},{"taxonomy":"post_tag","embeddable":true,"href":"https:\/\/eldiariodesanpedro.com.ar\/sitio\/wp-json\/wp\/v2\/tags?post=15183"}],"curies":[{"name":"wp","href":"https:\/\/api.w.org\/{rel}","templated":true}]}}