{"id":15176,"date":"2017-02-21T21:20:30","date_gmt":"2017-02-22T00:20:30","guid":{"rendered":"https:\/\/eldiariodesanpedro.com.ar\/sitio\/?p=15176"},"modified":"2017-02-21T21:20:30","modified_gmt":"2017-02-22T00:20:30","slug":"primera-reunion-de-la-concertacion-de-entidades-medicas-independientes-en-san-pedro","status":"publish","type":"post","link":"https:\/\/eldiariodesanpedro.com.ar\/sitio\/primera-reunion-de-la-concertacion-de-entidades-medicas-independientes-en-san-pedro\/","title":{"rendered":"Primera reuni\u00f3n de la Concertaci\u00f3n  de Entidades M\u00e9dicas Independientes en San Pedro"},"content":{"rendered":"<p><!-- VideographyWP Plugin Message: Automatic video embedding prevented by plugin options. --><br \/>\nRepresentantes de los C\u00edrculos M\u00e9dicos de La Plata, Ensenada, Tandil, Trenque Lauquen, Balcarce y San Pedro, se reunieron el s\u00e1bado 11 de febrero en nuestra ciudad para continuar coordinando acciones conjuntas en el marco de la creaci\u00f3n de la CEMIBA, Concertaci\u00f3n de Entidades M\u00e9dicas Independientes de Buenos Aires.<\/p>\n<p>Esta organizaci\u00f3n regional surge tras los diferentes movimientos que tuvieron lugar el a\u00f1o pasado, con el objetivo de obtener para las organizaciones m\u00e9dicas una mayor independencia y respaldo de sus asociados.<\/p>\n<p>CEMIBA, es una reconversi\u00f3n de la ex FREMEBO que, a diferencia de su formato anterior, excluye a FEMECON (representante de los colegios y c\u00edrculos del conurbano) y moment\u00e1neamente a Mar del Plata, que podr\u00eda  tambi\u00e9n incorporarse en el futuro.<\/p>\n<p>A lo largo de casi cinco horas los participantes realizaron un relevamiento general de la situaci\u00f3n en cada una de las zonas representadas y avanzaron en la planificaci\u00f3n estrat\u00e9gica que los mantendr\u00e1 conectados para generar las mejores condiciones posibles en el v\u00ednculo cotidiano con obras sociales, prepagas y sanatorios, manteni\u00e9ndose en alerta ante cualquier tipo de situaci\u00f3n que pudiese poner en peligro el normal funcionamiento de las prestaciones.<\/p>\n<p>La nueva entidad tambi\u00e9n trabajar\u00e1 en campa\u00f1as de acci\u00f3n p\u00fablica para establecer un contacto m\u00e1s estrecho con los pacientes de cada una de las ciudades representadas.<\/p>\n","protected":false},"excerpt":{"rendered":"<p>Representantes de los C\u00edrculos M\u00e9dicos de La Plata, Ensenada, Tandil, Trenque Lauquen, Balcarce y San Pedro, se reunieron el s\u00e1bado 11 de febrero en nuestra ciudad para continuar coordinando acciones conjuntas en el marco de la creaci\u00f3n de la CEMIBA, Concertaci\u00f3n de Entidades M\u00e9dicas Independientes de Buenos Aires. Esta organizaci\u00f3n regional surge tras los diferentes [&hellip;]<\/p>\n","protected":false},"author":4,"featured_media":15181,"comment_status":"open","ping_status":"closed","sticky":false,"template":"","format":"standard","meta":{"om_disable_all_campaigns":false,"_jetpack_memberships_contains_paid_content":false,"footnotes":""},"categories":[101,2],"tags":[],"class_list":["post-15176","post","type-post","status-publish","format-standard","has-post-thumbnail","hentry","category-interes-general-locales","category-locales"],"aioseo_notices":[],"gutentor_comment":0,"jetpack_featured_media_url":"https:\/\/eldiariodesanpedro.com.ar\/sitio\/wp-content\/uploads\/2017\/02\/PAGINA-4-02.jpeg","jetpack_shortlink":"https:\/\/wp.me\/p6RhLt-3WM","jetpack_sharing_enabled":true,"_links":{"self":[{"href":"https:\/\/eldiariodesanpedro.com.ar\/sitio\/wp-json\/wp\/v2\/posts\/15176","targetHints":{"allow":["GET"]}}],"collection":[{"href":"https:\/\/eldiariodesanpedro.com.ar\/sitio\/wp-json\/wp\/v2\/posts"}],"about":[{"href":"https:\/\/eldiariodesanpedro.com.ar\/sitio\/wp-json\/wp\/v2\/types\/post"}],"author":[{"embeddable":true,"href":"https:\/\/eldiariodesanpedro.com.ar\/sitio\/wp-json\/wp\/v2\/users\/4"}],"replies":[{"embeddable":true,"href":"https:\/\/eldiariodesanpedro.com.ar\/sitio\/wp-json\/wp\/v2\/comments?post=15176"}],"version-history":[{"count":1,"href":"https:\/\/eldiariodesanpedro.com.ar\/sitio\/wp-json\/wp\/v2\/posts\/15176\/revisions"}],"predecessor-version":[{"id":15182,"href":"https:\/\/eldiariodesanpedro.com.ar\/sitio\/wp-json\/wp\/v2\/posts\/15176\/revisions\/15182"}],"wp:featuredmedia":[{"embeddable":true,"href":"https:\/\/eldiariodesanpedro.com.ar\/sitio\/wp-json\/wp\/v2\/media\/15181"}],"wp:attachment":[{"href":"https:\/\/eldiariodesanpedro.com.ar\/sitio\/wp-json\/wp\/v2\/media?parent=15176"}],"wp:term":[{"taxonomy":"category","embeddable":true,"href":"https:\/\/eldiariodesanpedro.com.ar\/sitio\/wp-json\/wp\/v2\/categories?post=15176"},{"taxonomy":"post_tag","embeddable":true,"href":"https:\/\/eldiariodesanpedro.com.ar\/sitio\/wp-json\/wp\/v2\/tags?post=15176"}],"curies":[{"name":"wp","href":"https:\/\/api.w.org\/{rel}","templated":true}]}}