{"id":15171,"date":"2017-02-21T21:18:00","date_gmt":"2017-02-22T00:18:00","guid":{"rendered":"https:\/\/eldiariodesanpedro.com.ar\/sitio\/?p=15171"},"modified":"2026-01-24T00:39:11","modified_gmt":"2026-01-24T03:39:11","slug":"este-fin-de-semana-se-realizara-la-fiesta-de-carnaval-por-la-escuela-de-san-roque","status":"publish","type":"post","link":"https:\/\/eldiariodesanpedro.com.ar\/sitio\/este-fin-de-semana-se-realizara-la-fiesta-de-carnaval-por-la-escuela-de-san-roque\/","title":{"rendered":"Este fin de semana se realizar\u00e1 la Fiesta de Carnaval por la Escuela de San Roque"},"content":{"rendered":"<p><!-- VideographyWP Plugin Message: Automatic video embedding prevented by plugin options. --><br \/>\nEl evento tendr\u00e1 lugar este fin de semana en el Paseo P\u00fablico Municipal, cuenta con la organizaci\u00f3n de la Comisi\u00f3n de Padres Pro-Escuela San Roque en conjunto con la Municipalidad de San Pedro.  Habr\u00e1 espect\u00e1culos musicales y el cierre estar\u00e1 cargo de la banda de cumbia \u201cAmapola\u201d.<\/p>\n<p>Como todos los a\u00f1os, habr\u00e1 una carpa gastron\u00f3mica que permitir\u00e1 recaudar fondos para continuar la construcci\u00f3n del establecimiento educativo.<\/p>\n<p>\u201cVa haber feria, va haber asador criollo y siempre decimos que quienes se acerquen a colaborar va a ser para poder seguir construyendo  la Escuela San Roque\u201d, dijo Mar\u00eda Jos\u00e9 Mora Directora de Cultura.<\/p>\n<p>\u201cEl proyecto que est\u00e1 avanzado. Ya techamos, revocaos, pusimos los marcos\u201d, dijo Alberto Juan Bennazar uno de los padres que particip\u00f3 de la conferencia de prensa.<\/p>\n<p>Y agreg\u00f3: \u201cEn la primera etapa son 6 aulas que para arrancar necesitamos dos para garantizar el traspaso de primer a segundo grado\u201d.<br \/>\n\u201cEsa es la primera etapa que son 600 mts. Cuadrados que son Direcci\u00f3n, secretar\u00eda, ba\u00f1os y las aulas. Tambi\u00e9n se incluye un SUM que tiene que estar terminado\u201d y \u201cdespu\u00e9s de ello, ba\u00f1os, pisos, estamos en un 40%\u201d.<\/p>\n<p><strong>El d\u00eda s\u00e1bado 25 estar\u00e1 dedicado a las bandas de Rock y sobre el escenario se presentar\u00e1n:<\/strong><br \/>\n19:00hs Majo Lan\u00fas &#038; Los Viajantes<br \/>\n20:00hs Sin Direcci\u00f3n<br \/>\n21:00hs Extra\u00f1o Ser<br \/>\n22:00hs Capibara Rock<br \/>\n23:00hs Constante Tensi\u00f3n<\/p>\n<p><strong>En tanto que el domingo 26 se podr\u00e1 disfrutar de espect\u00e1culos folkl\u00f3ricos:<\/strong><br \/>\n18:30 hs. Natalia Guti\u00e9rrez<br \/>\n19:00hs Luciana Gualdoni<br \/>\n19:45hs Los Hnos. Krenz<br \/>\n20:45hs E1 Ruso Melgarejo<br \/>\n22:00hs Keko Gonzales<br \/>\n23:00hs Fejumas<\/p>\n<p><strong>Mientras que el lunes se presentar\u00e1n:<\/strong><br \/>\n18:30hs Sol Altolaguirre<br \/>\n19:00hs Pablo Ram\u00edrez<br \/>\n20:00hs Super Sound<br \/>\n21:00hs Tumbao Show<br \/>\nCIERRE 22:20hs Amapola<\/p>\n","protected":false},"excerpt":{"rendered":"<p>El evento tendr\u00e1 lugar este fin de semana en el Paseo P\u00fablico Municipal, cuenta con la organizaci\u00f3n de la Comisi\u00f3n de Padres Pro-Escuela San Roque en conjunto con la Municipalidad de San Pedro. Habr\u00e1 espect\u00e1culos musicales y el cierre estar\u00e1 cargo de la banda de cumbia \u201cAmapola\u201d. Como todos los a\u00f1os, habr\u00e1 una carpa gastron\u00f3mica [&hellip;]<\/p>\n","protected":false},"author":4,"featured_media":15172,"comment_status":"open","ping_status":"closed","sticky":false,"template":"","format":"standard","meta":{"om_disable_all_campaigns":false,"_jetpack_memberships_contains_paid_content":false,"footnotes":""},"categories":[2],"tags":[],"class_list":["post-15171","post","type-post","status-publish","format-standard","has-post-thumbnail","hentry","category-locales"],"aioseo_notices":[],"gutentor_comment":0,"jetpack_featured_media_url":"https:\/\/eldiariodesanpedro.com.ar\/sitio\/wp-content\/uploads\/2017\/02\/PAGINA-4-01.jpg","jetpack_shortlink":"https:\/\/wp.me\/p6RhLt-3WH","jetpack_sharing_enabled":true,"_links":{"self":[{"href":"https:\/\/eldiariodesanpedro.com.ar\/sitio\/wp-json\/wp\/v2\/posts\/15171","targetHints":{"allow":["GET"]}}],"collection":[{"href":"https:\/\/eldiariodesanpedro.com.ar\/sitio\/wp-json\/wp\/v2\/posts"}],"about":[{"href":"https:\/\/eldiariodesanpedro.com.ar\/sitio\/wp-json\/wp\/v2\/types\/post"}],"author":[{"embeddable":true,"href":"https:\/\/eldiariodesanpedro.com.ar\/sitio\/wp-json\/wp\/v2\/users\/4"}],"replies":[{"embeddable":true,"href":"https:\/\/eldiariodesanpedro.com.ar\/sitio\/wp-json\/wp\/v2\/comments?post=15171"}],"version-history":[{"count":1,"href":"https:\/\/eldiariodesanpedro.com.ar\/sitio\/wp-json\/wp\/v2\/posts\/15171\/revisions"}],"predecessor-version":[{"id":15174,"href":"https:\/\/eldiariodesanpedro.com.ar\/sitio\/wp-json\/wp\/v2\/posts\/15171\/revisions\/15174"}],"wp:featuredmedia":[{"embeddable":true,"href":"https:\/\/eldiariodesanpedro.com.ar\/sitio\/wp-json\/wp\/v2\/media\/15172"}],"wp:attachment":[{"href":"https:\/\/eldiariodesanpedro.com.ar\/sitio\/wp-json\/wp\/v2\/media?parent=15171"}],"wp:term":[{"taxonomy":"category","embeddable":true,"href":"https:\/\/eldiariodesanpedro.com.ar\/sitio\/wp-json\/wp\/v2\/categories?post=15171"},{"taxonomy":"post_tag","embeddable":true,"href":"https:\/\/eldiariodesanpedro.com.ar\/sitio\/wp-json\/wp\/v2\/tags?post=15171"}],"curies":[{"name":"wp","href":"https:\/\/api.w.org\/{rel}","templated":true}]}}