{"id":15162,"date":"2017-02-21T21:13:15","date_gmt":"2017-02-22T00:13:15","guid":{"rendered":"https:\/\/eldiariodesanpedro.com.ar\/sitio\/?p=15162"},"modified":"2026-01-24T00:31:00","modified_gmt":"2026-01-24T03:31:00","slug":"ciclismo-notable-triunfo-de-tato-mendoza","status":"publish","type":"post","link":"https:\/\/eldiariodesanpedro.com.ar\/sitio\/ciclismo-notable-triunfo-de-tato-mendoza\/","title":{"rendered":"CICLISMO: Notable triunfo de \u00b4Tato\u00b4 M\u00e9ndoza"},"content":{"rendered":"<p><!-- VideographyWP Plugin Message: Automatic video embedding prevented by plugin options. --><br \/>\nSe desarroll\u00f3 la s\u00e9ptima fecha del campeonato nocturno en la sede del Club Ciclista San Nicol\u00e1s, las categor\u00edas fueron las estipuladas en la programaci\u00f3n, siendo m\u00e1s de ochenta los ciclistas que participaron en la jornada del jueves 16 de febrero.<\/p>\n<p>Es loable destacar el trabajo de la Subcomisi\u00f3n de Ciclismo del club, ya que en la competencia de fondo sum\u00f3 dos embalajes especiales, y tambi\u00e9n, con gran esfuerzo, instalaron el techo en el sector de medici\u00f3n \u00abH\u00e9ctor Jacinto C\u00e1ceres\u00bb e iluminaron el lugar. Esta labor beneficia a los ciclistas, como as\u00ed tambi\u00e9n a todos los socios de la entidad.<\/p>\n<p>Para el s\u00e1bado 18 estaba estipulado la realizaci\u00f3n de competencias en homenaje a Gabriel \u00abGaby\u00bb Garc\u00eda, la misma debi\u00f3 ser suspendida por las inclemencias del tiempo. El evento fue reprogramado para el domingo 12 de Marzo.<\/p>\n<p>El pr\u00f3ximo jueves 23 ser\u00e1 la \u00faltima fecha del campeonato a partir de las 19 hs.<\/p>\n<p>Inactivos Menores De 45 A\u00f1os.<\/p>\n<p>1\u00b0 Julio Molina (San Nicol\u00e1s)<\/p>\n<p>2\u00b0 Juan C. Grosso (San Nicol\u00e1s)<\/p>\n<p>3\u00b0 Mateo Quintana (San Nicol\u00e1s)<\/p>\n<p>4\u00b0 Pablo Furl\u00e1n (Arroyo Seco)<\/p>\n<p>5\u00b0 Hern\u00e1n Caroci (Arroyo Seco)<\/p>\n<p>Infantiles<\/p>\n<p>2009-2010<\/p>\n<p>Joaqu\u00edn Garc\u00eda (San Nicol\u00e1s)<\/p>\n<p>2007-2008<\/p>\n<p>1\u00b0 Federico Vel\u00e1zquez (San Nicol\u00e1s)<\/p>\n<p>2\u00b0 Bautista Nichea (San Nicol\u00e1s)<\/p>\n<p>3\u00b0 Sebasti\u00e1n Albornos (Villa Constituci\u00f3n)<\/p>\n<p>4\u00b0 Marcos Alconchel (Villa Constituci\u00f3n)<\/p>\n<p>5\u00b0 Esteban Acevedo (San Nicol\u00e1s)<\/p>\n<p>2005-2006<\/p>\n<p>Brenda Paz (San Pedro)<\/p>\n<p>Chiquilines<\/p>\n<p>Francisco Barcala (San Nicol\u00e1s) &#8211; Maximiliano Tognato (Casilda)<\/p>\n<p>Neem\u00edas Grosso (San Nicol\u00e1s) &#8211; Benjam\u00edn Botazzi (San Nicol\u00e1s)<\/p>\n<p>Master \u00abC\u00bb &#8211; Mayores De 45 y damas<\/p>\n<p>1\u00b0 Jorge Gallo (Pergamino)<\/p>\n<p>2\u00b0 Pedro Marcelini (Col\u00f3n)<\/p>\n<p>3\u00b0 David Vaccari (Rosario)<\/p>\n<p>4\u00b0 Gerardo Rivero (Pergamino)<\/p>\n<p>5\u00b0 Rub\u00e9n G\u00f3mez (Col\u00f3n)<\/p>\n<p>Master \u00abD\u00bb<\/p>\n<p>1\u00b0 Juan Valori (San Nicol\u00e1s)<\/p>\n<p>2\u00b0 Ricardo BustoS (Rosario)<\/p>\n<p>3\u00b0 Luis Romero (Rosario)<\/p>\n<p>Promocionales &#8211; Master \u00abA\u00bb &#8211; \u00abB\u00bb e Invitados<\/p>\n<p>1\u00b0 Adri\u00e1n Mendoza (San Pedro)<\/p>\n<p>2\u00b0 Pablo Drascovich (San Nicol\u00e1s)<\/p>\n<p>3\u00b0 Agust\u00edn Aquino (Rosario)<\/p>\n<p>4\u00b0 Alberto Pereyra (Rosario)<\/p>\n<p>5\u00b0 Jorge Mart\u00ednez (Funes)<\/p>\n<p>Embalajes especiales.<br \/>\nAgust\u00edn Aquino (Rosario) &#8211; Daniel Rosados (Rosario) <\/p>\n<p><strong>Argentino de Ruta en C\u00f3rdoba con seis sampedrinos<\/strong><br \/>\nDesde el pr\u00f3ximo Jueves 23, comienza la actividad del Campeonato Argentino de Ruta Categor\u00edas Menores y Juveniles, Damas y Varones 2017, organizado por la Federaci\u00f3n Ciclista Cordobesa, la fiscalizaci\u00f3n de la Federaci\u00f3n Argentina de Ciclismo Pista y Ruta. <\/p>\n<p>Las pruebas Contra Reloj Individual se disputaran en la Variante Ju\u00e1rez Celman en la Provincia de C\u00f3rdoba, mientras las pruebas en L\u00ednea o Pelot\u00f3n, de los menores se desarrollaran en Circuito Mario Alberto Kempes, ubicado en el estadio de la ciudad de C\u00f3rdoba, como as\u00ed tambi\u00e9n la categor\u00eda Junior.<\/p>\n<p>San Pedro estar\u00e1 representado por 6 (hasta el momento confirmados) participantes, cada uno en su respectiva, Clase o Categor\u00eda respectivas; Ellos son: Estanislao Genoud, Sebasti\u00e1n Lorido, Juan Jos\u00e9 Paz, Lautaro Chipolini, Francisco Chipolini y en Damas Brenda Paz.<\/p>\n<p><strong>Francisco Chipolini  fue tercero en Col\u00f3n<\/strong><br \/>\nSe llev\u00f3 a cabo la \u00abVuelta Ciudad de Col\u00f3n\u00bb, reconocimiento a \u00abGori\u00bb Medina se realiz\u00f3 el domingo en el Aut\u00f3dromo de esa ciudad y aqu\u00ed est\u00e1n todos los resultados.<\/p>\n<p>Mayores de 38 (57 Participantes)<br \/>\n1\u00b0 Leonardo Mena (Capit\u00e1n Sarmiento)<br \/>\n2\u00b0 Aimar Abud (Jun\u00edn)<br \/>\n3\u00b0 Lucas Castro (Lincoln)<br \/>\n4\u00b0 Fabi\u00e1n Carrizo (Rojas)<br \/>\n5\u00b0 C\u00e9sar Jim\u00e9nez (Capit\u00e1n Sarmiento)<\/p>\n<p>Menores de 38 (33 Part.)<br \/>\n1\u00b0 Diego Prato (Colon)<br \/>\n2\u00b0 Lucas Dundik (Salto)<br \/>\n3\u00b0 Francisco Chipolini (San Pedro)<br \/>\n4\u00b0 Juan Jaime (Carlos Casares)<br \/>\n5\u00b0 Enrique Mendoza (Col\u00f3n)<\/p>\n<p>Master C y D<br \/>\n1\u00b0 Pedro Marcelini (Col\u00f3n)<br \/>\n2\u00b0 Juan Mendoza (Col\u00f3n)<br \/>\n3\u00b0 Sergio Rodr\u00edguez (Pergamino)<br \/>\n4\u00b0 Oscar Pergolesi (Ca\u00f1ada de G\u00f3mez)<br \/>\n5\u00b0 N\u00e9stor \u201cChicho\u201d Varela (Arrecifes)<\/p>\n<p>Master D (48 Part.)<br \/>\n1\u00b0 Oscar Pergolesi (Ca\u00f1ada de G\u00f3mez)<br \/>\n2\u00b0 Jos\u00e9 Luis Constantino (Lincoln)<br \/>\n3\u00b0 N\u00e9stor Morena (Alvear)<\/p>\n<p>Master A y B (57 Part.)<br \/>\n1\u00b0 Marcelo Garc\u00eda (Pergamino)<br \/>\n2\u00b0 Mariano Bianchi (Capit\u00e1n Sarmiento)<br \/>\n3\u00b0 Daniel Simone (Chacabuco)<br \/>\n4\u00b0 Alberto Pereyra (Rosario)<br \/>\n5\u00b0 Pablo Drascovich (San Nicol\u00e1s)<\/p>\n<p>Damas<br \/>\n1\u00aa Anahi Pereyra (Villa Dolores)<br \/>\n2\u00aa Tana Saponara (San Miguel)<br \/>\n3\u00aa Yanina Acosta (Buenos Aires)<\/p>\n<p>Promocional y Juniors (53 (Part.)<br \/>\n1\u00b0 Juan Jim\u00e9nez (Col\u00f3n)<br \/>\n2\u00b0 Gonzalo Dehesa (Jun\u00edn)<br \/>\n3\u00b0 Agust\u00edn Yocco (Col\u00f3n)<br \/>\n4\u00b0 Joaqu\u00edn Exp\u00f3sito (Bragado)<br \/>\n5\u00b0 Juan Strauch (Venado Tuerto)<\/p>\n<p>Elite y Sub 23 (40 Part.)<br \/>\n1\u00b0 Franco Martin\u00b4s (Bragado &#8211; SAT)<br \/>\n2\u00b0 Facundo Lezica (Bragado &#8211; SAT)<br \/>\n3\u00b0 Jonatan Trocha (Pehuaj\u00f3)<br \/>\n4\u00b0 Emilio Rodr\u00edguez (Jun\u00edn)<br \/>\n5\u00b0 Agust\u00edn Mart\u00ednez. SAT<br \/>\n6\u00b0 Hugo Velazquez (San Nicol\u00e1s)<br \/>\n7\u00b0 Elbio Alborzen (Banfield &#8211; SAT) <\/p>\n","protected":false},"excerpt":{"rendered":"<p>Se desarroll\u00f3 la s\u00e9ptima fecha del campeonato nocturno en la sede del Club Ciclista San Nicol\u00e1s, las categor\u00edas fueron las estipuladas en la programaci\u00f3n, siendo m\u00e1s de ochenta los ciclistas que participaron en la jornada del jueves 16 de febrero. Es loable destacar el trabajo de la Subcomisi\u00f3n de Ciclismo del club, ya que en [&hellip;]<\/p>\n","protected":false},"author":4,"featured_media":15165,"comment_status":"open","ping_status":"closed","sticky":false,"template":"","format":"standard","meta":{"om_disable_all_campaigns":false,"_jetpack_memberships_contains_paid_content":false,"footnotes":""},"categories":[5],"tags":[],"class_list":["post-15162","post","type-post","status-publish","format-standard","has-post-thumbnail","hentry","category-deportes"],"aioseo_notices":[],"gutentor_comment":0,"jetpack_featured_media_url":"https:\/\/eldiariodesanpedro.com.ar\/sitio\/wp-content\/uploads\/2017\/02\/Sebastian-Lorido-Brenda-Paz-Juan-Jos\u00e9-Paz-Estanislao-Genoud-Lautaro-Chipolini-y-Francisco-Chipolini-los-seis-que-van-al-argentino..jpg","jetpack_shortlink":"https:\/\/wp.me\/p6RhLt-3Wy","jetpack_sharing_enabled":true,"_links":{"self":[{"href":"https:\/\/eldiariodesanpedro.com.ar\/sitio\/wp-json\/wp\/v2\/posts\/15162","targetHints":{"allow":["GET"]}}],"collection":[{"href":"https:\/\/eldiariodesanpedro.com.ar\/sitio\/wp-json\/wp\/v2\/posts"}],"about":[{"href":"https:\/\/eldiariodesanpedro.com.ar\/sitio\/wp-json\/wp\/v2\/types\/post"}],"author":[{"embeddable":true,"href":"https:\/\/eldiariodesanpedro.com.ar\/sitio\/wp-json\/wp\/v2\/users\/4"}],"replies":[{"embeddable":true,"href":"https:\/\/eldiariodesanpedro.com.ar\/sitio\/wp-json\/wp\/v2\/comments?post=15162"}],"version-history":[{"count":1,"href":"https:\/\/eldiariodesanpedro.com.ar\/sitio\/wp-json\/wp\/v2\/posts\/15162\/revisions"}],"predecessor-version":[{"id":15164,"href":"https:\/\/eldiariodesanpedro.com.ar\/sitio\/wp-json\/wp\/v2\/posts\/15162\/revisions\/15164"}],"wp:featuredmedia":[{"embeddable":true,"href":"https:\/\/eldiariodesanpedro.com.ar\/sitio\/wp-json\/wp\/v2\/media\/15165"}],"wp:attachment":[{"href":"https:\/\/eldiariodesanpedro.com.ar\/sitio\/wp-json\/wp\/v2\/media?parent=15162"}],"wp:term":[{"taxonomy":"category","embeddable":true,"href":"https:\/\/eldiariodesanpedro.com.ar\/sitio\/wp-json\/wp\/v2\/categories?post=15162"},{"taxonomy":"post_tag","embeddable":true,"href":"https:\/\/eldiariodesanpedro.com.ar\/sitio\/wp-json\/wp\/v2\/tags?post=15162"}],"curies":[{"name":"wp","href":"https:\/\/api.w.org\/{rel}","templated":true}]}}