{"id":15159,"date":"2017-02-21T20:54:42","date_gmt":"2017-02-21T23:54:42","guid":{"rendered":"https:\/\/eldiariodesanpedro.com.ar\/sitio\/?p=15159"},"modified":"2017-02-21T20:54:42","modified_gmt":"2017-02-21T23:54:42","slug":"ecuador-ente-electoral-sugiere-balotaje-en-medio-de-lento-conteo","status":"publish","type":"post","link":"https:\/\/eldiariodesanpedro.com.ar\/sitio\/ecuador-ente-electoral-sugiere-balotaje-en-medio-de-lento-conteo\/","title":{"rendered":"ECUADOR: Ente electoral sugiere balotaje en medio de lento conteo"},"content":{"rendered":"<p><!-- VideographyWP Plugin Message: Automatic video embedding prevented by plugin options. --><br \/>\n(NA) &#8211; La autoridad electoral de Ecuador sugiri\u00f3 hoy que habr\u00e1 balotaje entre el candidato oficialista y el opositor de derecha, pero no lo anunciar\u00e1 oficialmente hasta completar el lento y re\u00f1ido escrutinio.<\/p>\n<p>\u00abTenemos una tendencia marcada y, si es que ese es el caso, habr\u00eda una segunda vuelta\u00bb, prevista para el 2 de abril, expres\u00f3 el titular del CNE, Juan Pablo Pozo, en rueda de prensa en Quito.<\/p>\n<p>Escrutado el 95,7% de las actas de los comicios del pasado domingo, el oficialista Len\u00edn Moreno capta un 39,24% de los sufragios v\u00e1lidos y Guillermo Lasso un 28,32%.<\/p>\n<p>Para ganar en primera ronda, el candidato oficialista a suceder al presidente saliente Rafael Correa, necesita un 40% de los votos v\u00e1lidos y una diferencia de al menos diez puntos porcentuales sobre el segundo.<\/p>\n<p>En su \u00faltima cadena nacional, en un ambiente general de impaciencia ante la lentitud del recuento, Pozo asegur\u00f3 que esa tendencia \u00abno podr\u00eda cambiar\u00bb.<\/p>\n<p>Pero para dar resultados oficiales (&#8230;) tenemos que dar una vez que tengamos resultados definitivos\u00bb, indic\u00f3, Pozo quien el lunes dio tres d\u00edas de plazo.<\/p>\n<p>El funcionario inform\u00f3 que ya s\u00f3lo faltan por escrutar peque\u00f1os porcentajes en seis de las 24 provincias del pa\u00eds, entre ellas las tres con m\u00e1s peso en el padr\u00f3n electoral, Guayas (suroeste), Pichincha (centro) y Manab\u00ed (oeste), en las que Moreno lidera con holgura.<\/p>\n<p>\u00abEn el supuesto de que hubiese una segunda vuelta nosotros ya estamos con nuestro uniforme de campa\u00f1a y dispuestos de trabajar\u00bb, advirti\u00f3 Moreno en una entrevista con varias radios.<\/p>\n<p> <strong>Panorama sombr\u00edo <\/strong><\/p>\n<p>Analistas advierten desde hace semanas que una segunda vuelta electoral le complicar\u00eda mucho el panorama al corre\u00edsmo, desgastado debido sobre todo a la delicada situaci\u00f3n econ\u00f3mica producto de la debacle en los precios del crudo y a las crecientes denuncias de corrupci\u00f3n que ensombrecieron la campa\u00f1a.<\/p>\n<p>En un balotaje, la oposici\u00f3n, encarnada por partidos de derecha y descontentos del corre\u00edsmo, podr\u00eda hacer frente com\u00fan, a pesar de que lleg\u00f3 a estos comicios completamente dividida.<\/p>\n<p>Tras saberse sin posibilidades de acceder al balotaje, la ex asamble\u00edsta de derecha Cynthia Viteri, tercera en los conteos con un 16,16%, pidi\u00f3 abiertamente el voto para Lasso, mientras que el exalcalde de Quito, Paco Moncayo (6,82%), dej\u00f3 abierta la decisi\u00f3n. <\/p>\n<p>El polit\u00f3logo Sim\u00f3n Pachano, profesor de Facultad Latinoamericana de Ciencias Sociales (FLACSO), advirti\u00f3 que los resultados de una segunda vuelta en las elecciones ecuatorianas podr\u00edan ser sorprendentes.<\/p>\n<p>\u00abNo es casual que sea el pa\u00eds donde m\u00e1s veces se ha producido reversi\u00f3n del resultado de primera vuelta\u00bb, dijo a la AFP.<\/p>\n<p>El resultado de esta elecci\u00f3n tambi\u00e9n ser\u00e1 decisivo para el fundador de WikiLeaks, Julian Assange, asilado en la embajada de Ecuador en Londres desde 2012 para evitar su extradici\u00f3n a Suecia por supuestos delitos sexuales que \u00e9l niega.<\/p>\n<p>Moreno es partidario de mantener el asilo, pero Lasso dijo a la AFP que, de llegar al poder, se lo retirar\u00e1.<\/p>\n<p>Un triunfo de Lasso ser\u00eda adem\u00e1s un nuevo rev\u00e9s para la izquierda latinoamericana, muy golpeada tras el giro en Argentina, Brasil y Per\u00fa.<\/p>\n","protected":false},"excerpt":{"rendered":"<p>(NA) &#8211; La autoridad electoral de Ecuador sugiri\u00f3 hoy que habr\u00e1 balotaje entre el candidato oficialista y el opositor de derecha, pero no lo anunciar\u00e1 oficialmente hasta completar el lento y re\u00f1ido escrutinio. \u00abTenemos una tendencia marcada y, si es que ese es el caso, habr\u00eda una segunda vuelta\u00bb, prevista para el 2 de abril, [&hellip;]<\/p>\n","protected":false},"author":4,"featured_media":15160,"comment_status":"open","ping_status":"closed","sticky":false,"template":"","format":"standard","meta":{"om_disable_all_campaigns":false,"_jetpack_memberships_contains_paid_content":false,"footnotes":""},"categories":[2],"tags":[],"class_list":["post-15159","post","type-post","status-publish","format-standard","has-post-thumbnail","hentry","category-locales"],"aioseo_notices":[],"gutentor_comment":0,"jetpack_featured_media_url":"https:\/\/eldiariodesanpedro.com.ar\/sitio\/wp-content\/uploads\/2017\/02\/Ecuador-1.jpg","jetpack_shortlink":"https:\/\/wp.me\/p6RhLt-3Wv","jetpack_sharing_enabled":true,"_links":{"self":[{"href":"https:\/\/eldiariodesanpedro.com.ar\/sitio\/wp-json\/wp\/v2\/posts\/15159","targetHints":{"allow":["GET"]}}],"collection":[{"href":"https:\/\/eldiariodesanpedro.com.ar\/sitio\/wp-json\/wp\/v2\/posts"}],"about":[{"href":"https:\/\/eldiariodesanpedro.com.ar\/sitio\/wp-json\/wp\/v2\/types\/post"}],"author":[{"embeddable":true,"href":"https:\/\/eldiariodesanpedro.com.ar\/sitio\/wp-json\/wp\/v2\/users\/4"}],"replies":[{"embeddable":true,"href":"https:\/\/eldiariodesanpedro.com.ar\/sitio\/wp-json\/wp\/v2\/comments?post=15159"}],"version-history":[{"count":1,"href":"https:\/\/eldiariodesanpedro.com.ar\/sitio\/wp-json\/wp\/v2\/posts\/15159\/revisions"}],"predecessor-version":[{"id":15161,"href":"https:\/\/eldiariodesanpedro.com.ar\/sitio\/wp-json\/wp\/v2\/posts\/15159\/revisions\/15161"}],"wp:featuredmedia":[{"embeddable":true,"href":"https:\/\/eldiariodesanpedro.com.ar\/sitio\/wp-json\/wp\/v2\/media\/15160"}],"wp:attachment":[{"href":"https:\/\/eldiariodesanpedro.com.ar\/sitio\/wp-json\/wp\/v2\/media?parent=15159"}],"wp:term":[{"taxonomy":"category","embeddable":true,"href":"https:\/\/eldiariodesanpedro.com.ar\/sitio\/wp-json\/wp\/v2\/categories?post=15159"},{"taxonomy":"post_tag","embeddable":true,"href":"https:\/\/eldiariodesanpedro.com.ar\/sitio\/wp-json\/wp\/v2\/tags?post=15159"}],"curies":[{"name":"wp","href":"https:\/\/api.w.org\/{rel}","templated":true}]}}