{"id":15156,"date":"2017-02-21T20:51:49","date_gmt":"2017-02-21T23:51:49","guid":{"rendered":"https:\/\/eldiariodesanpedro.com.ar\/sitio\/?p=15156"},"modified":"2017-02-21T20:51:49","modified_gmt":"2017-02-21T23:51:49","slug":"estados-unidos-trump-ordeno-acelerar-las-deportaciones-y-sumar-15-mil-agentes-al-control-de-fronteras","status":"publish","type":"post","link":"https:\/\/eldiariodesanpedro.com.ar\/sitio\/estados-unidos-trump-ordeno-acelerar-las-deportaciones-y-sumar-15-mil-agentes-al-control-de-fronteras\/","title":{"rendered":"ESTADOS UNIDOS: Trump orden\u00f3 acelerar las deportaciones y sumar 15 mil agentes al control de fronteras"},"content":{"rendered":"<p><!-- VideographyWP Plugin Message: Automatic video embedding prevented by plugin options. --><br \/>\n(T\u00e9lam) &#8211; Tras fracasar en su intento por vetar la entrada a miles de musulmanes por decreto, el gobierno de EEUU estableci\u00f3 nuevas directrices para acelerar, potenciar y ampliar las causales de deportaci\u00f3n de inmigrantes indocumentados.<\/p>\n<p>Estas nuevas directivas no afectan de ninguna manera el programa decretado por el gobierno anterior de Barack Obama para proteger a m\u00e1s de 750.000 j\u00f3venes inmigrantes que llegaron al pa\u00eds con sus padres cuando eran ni\u00f1os y desde entonces fueron escolarizados en Estados Unidos.<\/p>\n<p>La prensa los bautiz\u00f3 dreamers (so\u00f1adores) y el propio Donald Trump reconoci\u00f3 recientemente que es uno de los temas migratorios m\u00e1s sensibles para \u00e9l.<\/p>\n<p>Pese a la sensibilidad del nuevo mandatario, el viernes pasado oficiales del Servicio de Inmigraci\u00f3n y Control de Aduanas (ICE, por sus siglas en ingl\u00e9s) detuvieron en Seattle a un joven dreamer de 23 a\u00f1os que estaba empleado al amparo del marco del decreto firmado por Obama y que no ten\u00eda ning\u00fan antecedente criminal. El caso est\u00e1 ahora en la Justicia.<\/p>\n<p>Lo que el gobierno present\u00f3 hoy no es un decreto, sino memorandos del Departamento de Seguridad Nacional que cambian la reglamentaci\u00f3n de la Ley de Inmigraci\u00f3n, no la ley en si misma.<\/p>\n<p>\u00abEl auge de la inmigraci\u00f3n ilegal en la frontera sur ha sobrepasado a las agencias y los recursos federales y ha creado una significativa vulnerabilidad en la seguridad nacional de Estados Unidos\u00bb, argument\u00f3 una de las nuevas directrices firmadas por el secretario John Kelly, citadas por la agencia de noticias EFE.<\/p>\n<p>Las nuevas directrices de su gobierno establecen que los oficiales del ICE deben detener y deportar de inmediato a todos los inmigrantes sin documentos que fueron condenados por alg\u00fan crimen o que son sospechosos de haberlo cometido.<\/p>\n<p>Bajo la administraci\u00f3n de Obama, la orden era concentrarse en aquellos inmigrantes sin documentos que fueron condenados por un crimen importante, por amenazas a la seguridad nacional o que hubiesen cruzado ilegalmente la frontera recientemente.<\/p>\n<p>Ahora, seg\u00fan la nueva directiva de Trump, podr\u00e1n ser detenidos y deportados aquellos que fueron condenados por hurto o por ofensas de tr\u00e1nsito, como cruzar un sem\u00e1foro en rojo o estacionar en un lugar prohibido.<\/p>\n<p><strong> Las medidas espec\u00edficas en la frontera sur<\/strong><\/p>\n<p>Las nuevas directivas tambi\u00e9n adelantan que el gobierno comenzar\u00e1 a ejecutar un apartado, hasta ahora ignorado, de la Ley de Inmigraci\u00f3n y Nacionalidad, que permite a los oficiales del ICE deportar a M\u00e9xico a cualquier inmigrante que sea detenido tras cruzar ilegalmente la frontera sur, aun cuando no sean ciudadanos mexicanos.<\/p>\n<p>Esta norma es considerada de dudosa legalidad internacional y sin dudas provocar\u00e1 un reclamo de M\u00e9xico, un pa\u00eds que est\u00e1 en pie de guerra con su vecino del norte por la pol\u00edtica inmigratoria que impuso Trump desde que asumi\u00f3 hace un mes.<\/p>\n<p>Seg\u00fan uno de los memos del Departamento de Seguridad Nacional, el ICE ejecutar\u00e1 este apartado cuando considere que el detenido puede volver a cruzar ilegalmente la frontera hacia Estados Unidos.<\/p>\n<p><strong> La contrataci\u00f3n de nuevos agentes<\/strong><\/p>\n<p>Adem\u00e1s, las directivas presentadas ordenan la contrataci\u00f3n de 15.000 agentes nuevos para controlar las aduanas y las fronteras, especialmente el l\u00edmite sur con M\u00e9xico, ya que como el propio Trump afirm\u00f3 hace unos d\u00edas durante la visita oficial del primer ministro canadiense, Justin Trudeau, los cruces con el territorio del norte no preocupan a la Casa Blanca.<\/p>\n<p>De los 15.000 agentes nuevos, el ICE recibir\u00e1 10.000 para ampliar las detenciones y deportaciones, y la Oficina de Aduanas y Fronteras los 5.000 restantes.<\/p>\n","protected":false},"excerpt":{"rendered":"<p>(T\u00e9lam) &#8211; Tras fracasar en su intento por vetar la entrada a miles de musulmanes por decreto, el gobierno de EEUU estableci\u00f3 nuevas directrices para acelerar, potenciar y ampliar las causales de deportaci\u00f3n de inmigrantes indocumentados. Estas nuevas directivas no afectan de ninguna manera el programa decretado por el gobierno anterior de Barack Obama para [&hellip;]<\/p>\n","protected":false},"author":4,"featured_media":15157,"comment_status":"open","ping_status":"closed","sticky":false,"template":"","format":"standard","meta":{"om_disable_all_campaigns":false,"_jetpack_memberships_contains_paid_content":false,"footnotes":""},"categories":[2],"tags":[],"class_list":["post-15156","post","type-post","status-publish","format-standard","has-post-thumbnail","hentry","category-locales"],"aioseo_notices":[],"gutentor_comment":0,"jetpack_featured_media_url":"https:\/\/eldiariodesanpedro.com.ar\/sitio\/wp-content\/uploads\/2017\/02\/EEUU-2.jpg","jetpack_shortlink":"https:\/\/wp.me\/p6RhLt-3Ws","jetpack_sharing_enabled":true,"_links":{"self":[{"href":"https:\/\/eldiariodesanpedro.com.ar\/sitio\/wp-json\/wp\/v2\/posts\/15156","targetHints":{"allow":["GET"]}}],"collection":[{"href":"https:\/\/eldiariodesanpedro.com.ar\/sitio\/wp-json\/wp\/v2\/posts"}],"about":[{"href":"https:\/\/eldiariodesanpedro.com.ar\/sitio\/wp-json\/wp\/v2\/types\/post"}],"author":[{"embeddable":true,"href":"https:\/\/eldiariodesanpedro.com.ar\/sitio\/wp-json\/wp\/v2\/users\/4"}],"replies":[{"embeddable":true,"href":"https:\/\/eldiariodesanpedro.com.ar\/sitio\/wp-json\/wp\/v2\/comments?post=15156"}],"version-history":[{"count":1,"href":"https:\/\/eldiariodesanpedro.com.ar\/sitio\/wp-json\/wp\/v2\/posts\/15156\/revisions"}],"predecessor-version":[{"id":15158,"href":"https:\/\/eldiariodesanpedro.com.ar\/sitio\/wp-json\/wp\/v2\/posts\/15156\/revisions\/15158"}],"wp:featuredmedia":[{"embeddable":true,"href":"https:\/\/eldiariodesanpedro.com.ar\/sitio\/wp-json\/wp\/v2\/media\/15157"}],"wp:attachment":[{"href":"https:\/\/eldiariodesanpedro.com.ar\/sitio\/wp-json\/wp\/v2\/media?parent=15156"}],"wp:term":[{"taxonomy":"category","embeddable":true,"href":"https:\/\/eldiariodesanpedro.com.ar\/sitio\/wp-json\/wp\/v2\/categories?post=15156"},{"taxonomy":"post_tag","embeddable":true,"href":"https:\/\/eldiariodesanpedro.com.ar\/sitio\/wp-json\/wp\/v2\/tags?post=15156"}],"curies":[{"name":"wp","href":"https:\/\/api.w.org\/{rel}","templated":true}]}}