{"id":15146,"date":"2017-02-21T20:43:45","date_gmt":"2017-02-21T23:43:45","guid":{"rendered":"https:\/\/eldiariodesanpedro.com.ar\/sitio\/?p=15146"},"modified":"2026-01-23T23:14:33","modified_gmt":"2026-01-24T02:14:33","slug":"cordoba-rechazan-el-pedido-de-nulidad-y-la-excarcelacion-de-milani","status":"publish","type":"post","link":"https:\/\/eldiariodesanpedro.com.ar\/sitio\/cordoba-rechazan-el-pedido-de-nulidad-y-la-excarcelacion-de-milani\/","title":{"rendered":"C\u00d3RDOBA: Rechazan el pedido de nulidad y la excarcelaci\u00f3n de Milani"},"content":{"rendered":"<p><!-- VideographyWP Plugin Message: Automatic video embedding prevented by plugin options. --><br \/>\n(NA) &#8211; La C\u00e1mara Federal de C\u00f3rdoba decidi\u00f3 hoy no tratar el pedido de excarcelaci\u00f3n del ex jefe del Ej\u00e9rcito C\u00e9sar Milani, por lo que el militar seguir\u00e1 preso en La Rioja, donde est\u00e1 acusado de violaciones a los derechos humanos durante la \u00faltima dictadura.<\/p>\n<p>En una audiencia p\u00fablica, el tribunal consider\u00f3 que no se pod\u00eda resolver sobre la cuesti\u00f3n solicitada por la defensa del militar por falta de tiempo para analizar el expediente.<\/p>\n<p>De esa forma, Milani seguir\u00e1 detenido en La Rioja, donde qued\u00f3 a disposici\u00f3n de la Justicia el viernes pasado, tras prestar declaraci\u00f3n indagatoria en la causa que investiga los secuestros de Pedro Ad\u00e1n Olivera, de su hijo, Ram\u00f3n Alfredo Olivera, y de Ver\u00f3nica Matta, ocurridos en 1977.<\/p>\n<p>El militar se present\u00f3 a la indagatoria y tras ese tr\u00e1mite el juez federal Daniel Herrera Piedrabuena dispuso su prisi\u00f3n preventiva.<\/p>\n<p>Milani est\u00e1 acusado de haber estado a cargo del grupo de tareas que secuestr\u00f3 en La Rioja a las tres v\u00edctimas, que fueron detenidas y trasladadas al Instituto de Rehabilitaci\u00f3n Social, centro clandestino que funcionaba en la capital de esa provincia. <\/p>\n<p>Ram\u00f3n Olivera denunci\u00f3 por primera vez al militar en 1979, cuando se encontraba preso, por haber comandado el allanamiento en el que fue secuestrado su padre y por haber participado en su detenci\u00f3n.<\/p>\n<p>La fiscal federal de La Rioja, Virginia Miguel Carmona, a cargo de la investigaci\u00f3n, afirm\u00f3 que en el expediente \u00abexisten elementos s\u00f3lidos\u00bb como para justificar la detenci\u00f3n.<\/p>\n<p>\u00abHa sido jefe de Inteligencia, eso no se puede perder de vista. Tiene recursos m\u00e1s que suficientes para contar con herramientas que le permitan tanto entorpecer la investigaci\u00f3n como para eludir\u00bb, se\u00f1al\u00f3 la fiscal este lunes.<\/p>\n<p>El ex jefe del Ej\u00e9rcito neg\u00f3 los cargos que se le atribuyen en La Rioja, al igual que su participaci\u00f3n en la desaparici\u00f3n del soldado Alberto Ledo, ocurrida en Tucum\u00e1n en 1976, caso por el que est\u00e1 acusado en esa provincia.<\/p>\n<p>Marcela Brizuela de Ledo, madre del soldado desaparecido e integrante de Madres de Plaza de Mayo, dijo que sinti\u00f3 \u00abalivio\u00bb ante la detenci\u00f3n de Milani.<\/p>\n<p>\u00abEl se\u00f1or Milani dijo que lo de mi hijo era un invento, que me hab\u00edan pagado. El se\u00f1or Milani dijo que ni lo conoc\u00ed a mi hijo\u00bb, se\u00f1al\u00f3 Brizuela en declaraciones al canal Am\u00e9rica.<\/p>\n<p>   Y expres\u00f3: \u00abMe acuerdo del doctor (N\u00e9stor) Kirchner que baj\u00f3 los cuadros de (Jorge Rafael) Videla y de otros asesinos. Y yo sent\u00ed un dolor grande cuando lo ponen a un represor como jefe del Ej\u00e9rcito\u00bb.<\/p>\n","protected":false},"excerpt":{"rendered":"<p>(NA) &#8211; La C\u00e1mara Federal de C\u00f3rdoba decidi\u00f3 hoy no tratar el pedido de excarcelaci\u00f3n del ex jefe del Ej\u00e9rcito C\u00e9sar Milani, por lo que el militar seguir\u00e1 preso en La Rioja, donde est\u00e1 acusado de violaciones a los derechos humanos durante la \u00faltima dictadura. En una audiencia p\u00fablica, el tribunal consider\u00f3 que no se [&hellip;]<\/p>\n","protected":false},"author":4,"featured_media":15147,"comment_status":"open","ping_status":"closed","sticky":false,"template":"","format":"standard","meta":{"om_disable_all_campaigns":false,"_jetpack_memberships_contains_paid_content":false,"footnotes":""},"categories":[3],"tags":[],"class_list":["post-15146","post","type-post","status-publish","format-standard","has-post-thumbnail","hentry","category-nacionales"],"aioseo_notices":[],"gutentor_comment":0,"jetpack_featured_media_url":"https:\/\/eldiariodesanpedro.com.ar\/sitio\/wp-content\/uploads\/2017\/02\/Milani-1.jpg","jetpack_shortlink":"https:\/\/wp.me\/p6RhLt-3Wi","jetpack_sharing_enabled":true,"_links":{"self":[{"href":"https:\/\/eldiariodesanpedro.com.ar\/sitio\/wp-json\/wp\/v2\/posts\/15146","targetHints":{"allow":["GET"]}}],"collection":[{"href":"https:\/\/eldiariodesanpedro.com.ar\/sitio\/wp-json\/wp\/v2\/posts"}],"about":[{"href":"https:\/\/eldiariodesanpedro.com.ar\/sitio\/wp-json\/wp\/v2\/types\/post"}],"author":[{"embeddable":true,"href":"https:\/\/eldiariodesanpedro.com.ar\/sitio\/wp-json\/wp\/v2\/users\/4"}],"replies":[{"embeddable":true,"href":"https:\/\/eldiariodesanpedro.com.ar\/sitio\/wp-json\/wp\/v2\/comments?post=15146"}],"version-history":[{"count":1,"href":"https:\/\/eldiariodesanpedro.com.ar\/sitio\/wp-json\/wp\/v2\/posts\/15146\/revisions"}],"predecessor-version":[{"id":15148,"href":"https:\/\/eldiariodesanpedro.com.ar\/sitio\/wp-json\/wp\/v2\/posts\/15146\/revisions\/15148"}],"wp:featuredmedia":[{"embeddable":true,"href":"https:\/\/eldiariodesanpedro.com.ar\/sitio\/wp-json\/wp\/v2\/media\/15147"}],"wp:attachment":[{"href":"https:\/\/eldiariodesanpedro.com.ar\/sitio\/wp-json\/wp\/v2\/media?parent=15146"}],"wp:term":[{"taxonomy":"category","embeddable":true,"href":"https:\/\/eldiariodesanpedro.com.ar\/sitio\/wp-json\/wp\/v2\/categories?post=15146"},{"taxonomy":"post_tag","embeddable":true,"href":"https:\/\/eldiariodesanpedro.com.ar\/sitio\/wp-json\/wp\/v2\/tags?post=15146"}],"curies":[{"name":"wp","href":"https:\/\/api.w.org\/{rel}","templated":true}]}}