{"id":15137,"date":"2017-02-21T20:35:37","date_gmt":"2017-02-21T23:35:37","guid":{"rendered":"https:\/\/eldiariodesanpedro.com.ar\/sitio\/?p=15137"},"modified":"2026-01-23T23:20:21","modified_gmt":"2026-01-24T02:20:21","slug":"examinan-la-salud-psicologica-del-chofer-del-micro-tras-avisar-que-quiere-quitarse-la-vida","status":"publish","type":"post","link":"https:\/\/eldiariodesanpedro.com.ar\/sitio\/examinan-la-salud-psicologica-del-chofer-del-micro-tras-avisar-que-quiere-quitarse-la-vida\/","title":{"rendered":"Examinan la salud psicol\u00f3gica del chofer del micro tras avisar que quiere quitarse la vida"},"content":{"rendered":"<p><!-- VideographyWP Plugin Message: Automatic video embedding prevented by plugin options. --><br \/>\n(T\u00e9lam) &#8211; El chofer del micro de la empresa Turbus que volc\u00f3 y caus\u00f3 la muerte de 19 personas ser\u00e1 examinado psicol\u00f3gicamente antes de ordenar su traslado a la c\u00e1rcel. Es porque le manifest\u00f3 a los polic\u00edas que lo custodian que quiere quitarse la vida.<\/p>\n<p>El chofer del micro de la empresa Turbus que volc\u00f3 el s\u00e1bado pasado en la ruta 7 camino a Chile y caus\u00f3 la muerte de 19 personas le manifest\u00f3 a los polic\u00edas que lo custodian en el calabozo que quiere quitarse la vida, por lo cual ser\u00e1 examinado psicol\u00f3gicamente antes de ordenar su traslado a la c\u00e1rcel.<\/p>\n<p>El conductor chileno Francisco Sanhueza est\u00e1 detenido desde el s\u00e1bado en un calabozo de la comisar\u00eda 11 de Luj\u00e1n de Cuyo, imputado por \u00abhomicidio simple con dolo eventual, lesiones leves, graves y grav\u00edsimas dolosas\u201d y el lunes pidi\u00f3 disculpas a las familias y a la Naci\u00f3n ante la televisi\u00f3n chilena.<\/p>\n<p>En la ma\u00f1ana de este martes, el fiscal de la causa, Gustavo Pirrello, orden\u00f3 que personal del Cuerpo M\u00e9dico Forense le realice pericias para conocer objetivamente su estado de salud mental.<\/p>\n<p>\u00abPido disculpas y ruego a Dios que esas personas a las que les caus\u00e9 todo el da\u00f1o posible, encuentren la calma\u00bb, expres\u00f3 Francisco Javier Sanhueza en dialogo con 24 horas Televisi\u00f3n Nacional de Chile que lo entrevist\u00f3 desde su celda.<\/p>\n<p>\u201cEl lunes pidi\u00f3 ba\u00f1arse y cambiarse de ropa. El m\u00e9dico que lo revis\u00f3 lo encontr\u00f3 en buenas condiciones, lo trajeron de nuevo a la comisar\u00eda y \u00e9l les manifest\u00f3 que se quer\u00eda quitar la vida\u201d, dijo este martes el fiscal.<\/p>\n<p>Tras esta declaraci\u00f3n, Pirrello orden\u00f3 trasladar a Sanhueza de inmediato a realizarse un examen psicol\u00f3gico para saber su estado actual de salud metal y ah\u00ed determinar si es necesario alg\u00fan tipo de internaci\u00f3n a los efectos de preservar su vida.<\/p>\n<p>Adem\u00e1s el chofer asegur\u00f3 que el hecho \u00abno fue intencional, fue un accidente. S\u00e9 el da\u00f1o que he causado, o sea ya estoy consciente, en el minuto no lo percib\u00ed\u00bb, agreg\u00f3 y dijo estar deprimido y que, con el paso de las horas, ha logrado percibir el impacto del accidente.<\/p>\n<p>Al ser consultado por los testimonios de los sobrevivientes del accidente que aseguran que s\u00ed les dijeron que bajara la velocidad, Sanhueza expres\u00f3 que nunca le lleg\u00f3 el comentario pero que tampoco desea culpar a otras personas porque era el \u00fanico que iba manejando.<\/p>\n<p>\u201cNo est\u00e1 dentro de lo habitual que las personas aprendidas est\u00e9n dando notas a los distintos medios period\u00edsticos. Nadie me inform\u00f3 que se present\u00f3 un periodista a querer entrevistarlo\u201d, aclar\u00f3 el funcionario.<\/p>\n<p>Asimismo, aclar\u00f3 que el imputado \u201cest\u00e1 detenido y comunicado, no incomunicado, pero bajo jurisdicci\u00f3n de la comisar\u00eda que depende del ministerio de Seguridad\u201d, donde investigan quien dej\u00f3 entrar al periodista de la televisi\u00f3n chilena que lo entrevist\u00f3 el lunes.<\/p>\n<p>En tanto, desde el Poder Judicial mendocino, se orden\u00f3 \u00abuna investigaci\u00f3n\u00bb por el di\u00e1logo que mantuvo el acusado con el medio chileno y \u00aba fin de deslindar responsabilidades\u00bb solicit\u00f3 un informe al personal de la comisar\u00eda de Luj\u00e1n de Cuyo, sobre las visitas que recibi\u00f3 el chofer.<\/p>\n","protected":false},"excerpt":{"rendered":"<p>(T\u00e9lam) &#8211; El chofer del micro de la empresa Turbus que volc\u00f3 y caus\u00f3 la muerte de 19 personas ser\u00e1 examinado psicol\u00f3gicamente antes de ordenar su traslado a la c\u00e1rcel. Es porque le manifest\u00f3 a los polic\u00edas que lo custodian que quiere quitarse la vida. El chofer del micro de la empresa Turbus que volc\u00f3 [&hellip;]<\/p>\n","protected":false},"author":4,"featured_media":15138,"comment_status":"open","ping_status":"closed","sticky":false,"template":"","format":"standard","meta":{"om_disable_all_campaigns":false,"_jetpack_memberships_contains_paid_content":false,"footnotes":""},"categories":[3],"tags":[],"class_list":["post-15137","post","type-post","status-publish","format-standard","has-post-thumbnail","hentry","category-nacionales"],"aioseo_notices":[],"gutentor_comment":0,"jetpack_featured_media_url":"https:\/\/eldiariodesanpedro.com.ar\/sitio\/wp-content\/uploads\/2017\/02\/Mendoza-1.jpg","jetpack_shortlink":"https:\/\/wp.me\/p6RhLt-3W9","jetpack_sharing_enabled":true,"_links":{"self":[{"href":"https:\/\/eldiariodesanpedro.com.ar\/sitio\/wp-json\/wp\/v2\/posts\/15137","targetHints":{"allow":["GET"]}}],"collection":[{"href":"https:\/\/eldiariodesanpedro.com.ar\/sitio\/wp-json\/wp\/v2\/posts"}],"about":[{"href":"https:\/\/eldiariodesanpedro.com.ar\/sitio\/wp-json\/wp\/v2\/types\/post"}],"author":[{"embeddable":true,"href":"https:\/\/eldiariodesanpedro.com.ar\/sitio\/wp-json\/wp\/v2\/users\/4"}],"replies":[{"embeddable":true,"href":"https:\/\/eldiariodesanpedro.com.ar\/sitio\/wp-json\/wp\/v2\/comments?post=15137"}],"version-history":[{"count":1,"href":"https:\/\/eldiariodesanpedro.com.ar\/sitio\/wp-json\/wp\/v2\/posts\/15137\/revisions"}],"predecessor-version":[{"id":15139,"href":"https:\/\/eldiariodesanpedro.com.ar\/sitio\/wp-json\/wp\/v2\/posts\/15137\/revisions\/15139"}],"wp:featuredmedia":[{"embeddable":true,"href":"https:\/\/eldiariodesanpedro.com.ar\/sitio\/wp-json\/wp\/v2\/media\/15138"}],"wp:attachment":[{"href":"https:\/\/eldiariodesanpedro.com.ar\/sitio\/wp-json\/wp\/v2\/media?parent=15137"}],"wp:term":[{"taxonomy":"category","embeddable":true,"href":"https:\/\/eldiariodesanpedro.com.ar\/sitio\/wp-json\/wp\/v2\/categories?post=15137"},{"taxonomy":"post_tag","embeddable":true,"href":"https:\/\/eldiariodesanpedro.com.ar\/sitio\/wp-json\/wp\/v2\/tags?post=15137"}],"curies":[{"name":"wp","href":"https:\/\/api.w.org\/{rel}","templated":true}]}}