{"id":15134,"date":"2017-02-21T20:13:50","date_gmt":"2017-02-21T23:13:50","guid":{"rendered":"https:\/\/eldiariodesanpedro.com.ar\/sitio\/?p=15134"},"modified":"2026-01-23T23:20:21","modified_gmt":"2026-01-24T02:20:21","slug":"capital-federal-presentaron-la-nueva-traza-de-la-autopista-illia","status":"publish","type":"post","link":"https:\/\/eldiariodesanpedro.com.ar\/sitio\/capital-federal-presentaron-la-nueva-traza-de-la-autopista-illia\/","title":{"rendered":"CAPITAL FEDERAL: Presentaron la nueva traza de la Autopista Illia"},"content":{"rendered":"<p><!-- VideographyWP Plugin Message: Automatic video embedding prevented by plugin options. --><br \/>\n(NA) &#8211; La nueva traza de la Autopista Illia, que unir\u00e1 el peaje de Retiro con la avenida 9 de Julio, fue presentada por el jefe de Gobierno porte\u00f1o, Horacio Rodr\u00edguez Larreta. <\/p>\n<p>El mandatario asegur\u00f3 que la nueva traza permitir\u00e1 \u00abintegrar toda la Ciudad\u00bb, especialmente el barrio 31, adem\u00e1s de descomprimir el \u00abembudo\u00bb que se formaba en el extremo norte de la avenida 9 de Julio.<\/p>\n<p>La obra, que comprende una traza de 1,9 kil\u00f3metros dividida en dos tramos, comenzar\u00eda este trimestre y tiene prevista su finalizaci\u00f3n en octubre de 2018.<\/p>\n<p>\u00abNos permite avanzar en nuestro sue\u00f1o de integrar toda la Ciudad. Hoy es impensable la integraci\u00f3n del Barrio 31 si dejamos una autopista por el medio\u00bb, asegur\u00f3 Rodr\u00cdguez Larreta, quien en la presentaci\u00f3n estuvo acompa\u00f1ado por el ministro de Desarrollo rollo Urbano, Franco Moccia; el secretario de Transporte, Juan Jos\u00e9 M\u00e9ndez y el de Integraci\u00f3n Social y Urbana, Diego Fern\u00e1ndez. <\/p>\n<p>\u00abVa a tener una conexi\u00f3n con el Paseo del Bajo y va a tener varias salidas, lo que hace que los autos que hoy llegan y generan un embudo importante en el comienzo de la 9 de julio, se va a descomprimir porque van a entrar y salir por varios lugares. Es una ventaja grande, la gente gana tiempo\u00bb, subray\u00f3.           <\/p>\n<p>La iniciativa contempla la creaci\u00f3n de un parque urbano elevado sobre la actual autopista, que se convertir\u00e1 en un pulm\u00f3n de 45.500 metros cuadrados para los vecinos. <\/p>\n<p>Rodr\u00edguez Larreta se\u00f1al\u00f3 que la obra tuvo \u00abmucho consenso en la Legislatura, se vot\u00f3 con una amplia mayor\u00eda de votos\u00bb y que a la hora del dise\u00f1o de la traza tambi\u00e9n se escucharon \u00ablos pedidos, las sugerencias y las ideas de los vecinos del barrio\u00bb.<\/p>\n<p>La nueva traza tendr\u00e1 una extensi\u00f3n de 1,9 kil\u00f3metros y estar\u00e1 formada por dos tramos. <\/p>\n<p>Uno de ellos se extender\u00e1 entre Carlos Pellegrini\/Cerrito y el nuevo Centro de Exposiciones y Convenciones (CEC): tendr\u00e1 tres carriles en sentido hacia la Provincia y entre tres y cuatro (seg\u00fan el tramo), en la mano al centro. <\/p>\n<p>En medio de ambas manos, y para generar menos contaminaci\u00f3n visual y auditiva, habr\u00e1 un gran cantero central con plantas.<\/p>\n<p>El segundo tramo se iniciar\u00e1 en el CEC, donde la avenida comenzar\u00e1 a tomar altura para convertirse en un viaducto y girar\u00e1 hacia el norte, pasando por encima de las v\u00edas del ferrocarril hasta empalmar con la autopista Illia existente, 300 metros antes de llegar al peaje Retiro.<\/p>\n<p>Los impulsores de la obra estiman una mejora sustancial en los acceso a la Ciudad ya que quienes transitaban la Illia desde el norte, que hasta ahora s\u00f3lo cuentan con una bajada antes de llegar al centro. <\/p>\n<p>De esa manera, los automovilistas tendr\u00e1n una vez finalizada la obra salidas en avenida Callao, Rodr\u00edguez Pe\u00f1a y Libertad, lo que evitar\u00e1 que se formen los denominados \u00abcuellos de botella\u00bb, haciendo m\u00e1s fluido el ingreso y conectando mejor el microcentro con el norte de la Ciudad, indicaron voceros del Gobierno porte\u00f1o. <\/p>\n<p>En el sentido a Provincia, en tanto, podr\u00e1n tomar la nueva Illia en el comienzo de la autopista, por avenida Libertador o por Pellegrini, y tambi\u00e9n lo van a poder hacer en avenida Callao.<\/p>\n","protected":false},"excerpt":{"rendered":"<p>(NA) &#8211; La nueva traza de la Autopista Illia, que unir\u00e1 el peaje de Retiro con la avenida 9 de Julio, fue presentada por el jefe de Gobierno porte\u00f1o, Horacio Rodr\u00edguez Larreta. El mandatario asegur\u00f3 que la nueva traza permitir\u00e1 \u00abintegrar toda la Ciudad\u00bb, especialmente el barrio 31, adem\u00e1s de descomprimir el \u00abembudo\u00bb que se [&hellip;]<\/p>\n","protected":false},"author":4,"featured_media":15135,"comment_status":"open","ping_status":"closed","sticky":false,"template":"","format":"standard","meta":{"om_disable_all_campaigns":false,"_jetpack_memberships_contains_paid_content":false,"footnotes":""},"categories":[3],"tags":[],"class_list":["post-15134","post","type-post","status-publish","format-standard","has-post-thumbnail","hentry","category-nacionales"],"aioseo_notices":[],"gutentor_comment":0,"jetpack_featured_media_url":"https:\/\/eldiariodesanpedro.com.ar\/sitio\/wp-content\/uploads\/2017\/02\/Autopista-Illia.jpg","jetpack_shortlink":"https:\/\/wp.me\/p6RhLt-3W6","jetpack_sharing_enabled":true,"_links":{"self":[{"href":"https:\/\/eldiariodesanpedro.com.ar\/sitio\/wp-json\/wp\/v2\/posts\/15134","targetHints":{"allow":["GET"]}}],"collection":[{"href":"https:\/\/eldiariodesanpedro.com.ar\/sitio\/wp-json\/wp\/v2\/posts"}],"about":[{"href":"https:\/\/eldiariodesanpedro.com.ar\/sitio\/wp-json\/wp\/v2\/types\/post"}],"author":[{"embeddable":true,"href":"https:\/\/eldiariodesanpedro.com.ar\/sitio\/wp-json\/wp\/v2\/users\/4"}],"replies":[{"embeddable":true,"href":"https:\/\/eldiariodesanpedro.com.ar\/sitio\/wp-json\/wp\/v2\/comments?post=15134"}],"version-history":[{"count":1,"href":"https:\/\/eldiariodesanpedro.com.ar\/sitio\/wp-json\/wp\/v2\/posts\/15134\/revisions"}],"predecessor-version":[{"id":15136,"href":"https:\/\/eldiariodesanpedro.com.ar\/sitio\/wp-json\/wp\/v2\/posts\/15134\/revisions\/15136"}],"wp:featuredmedia":[{"embeddable":true,"href":"https:\/\/eldiariodesanpedro.com.ar\/sitio\/wp-json\/wp\/v2\/media\/15135"}],"wp:attachment":[{"href":"https:\/\/eldiariodesanpedro.com.ar\/sitio\/wp-json\/wp\/v2\/media?parent=15134"}],"wp:term":[{"taxonomy":"category","embeddable":true,"href":"https:\/\/eldiariodesanpedro.com.ar\/sitio\/wp-json\/wp\/v2\/categories?post=15134"},{"taxonomy":"post_tag","embeddable":true,"href":"https:\/\/eldiariodesanpedro.com.ar\/sitio\/wp-json\/wp\/v2\/tags?post=15134"}],"curies":[{"name":"wp","href":"https:\/\/api.w.org\/{rel}","templated":true}]}}