{"id":15130,"date":"2017-02-21T21:10:35","date_gmt":"2017-02-22T00:10:35","guid":{"rendered":"https:\/\/eldiariodesanpedro.com.ar\/sitio\/?p=15130"},"modified":"2017-02-21T22:32:28","modified_gmt":"2017-02-22T01:32:28","slug":"seis-accidentes-de-transito-en-la-tarde-de-hoy-en-dos-horas","status":"publish","type":"post","link":"https:\/\/eldiariodesanpedro.com.ar\/sitio\/seis-accidentes-de-transito-en-la-tarde-de-hoy-en-dos-horas\/","title":{"rendered":"Seis accidentes de transito en la tarde de hoy en dos horas"},"content":{"rendered":"<p><!-- VideographyWP Plugin Message: Automatic video embedding prevented by plugin options. --><br \/>\nDurante la tarde de hoy entre las 16:00 hs a 18:00 hs se registraron seis accidentes en nuestra localidad, cuatro dentro de la ciudad y dos sobre la Ruta Nacional 9 km 162 casi en el ingreso de la ruta 191.<\/p>\n<p>El primer accidente que se registro fue pasadas las 16:00 hs en la esquina de Caseros y Anibal de Ant\u00f3n donde una motocicleta marca Corven Energy 110 cc conducida por una joven mayor de edad quien llevaba casco fue colisionada por un una persona que circulaba en un autom\u00f3vil gris metalizado quien al momento del choque solo se detuvo unos segundos y se retiro del lugar a gran velocidad.<\/p>\n<p><a href=\"https:\/\/eldiariodesanpedro.com.ar\/sitio\/wp-content\/uploads\/2017\/02\/IMG_20170221_164517825_TOP-e1487727049859.jpg\"><img decoding=\"async\" data-attachment-id=\"15206\" data-permalink=\"https:\/\/eldiariodesanpedro.com.ar\/sitio\/seis-accidentes-de-transito-en-la-tarde-de-hoy-en-dos-horas\/img_20170221_164517825_top\/\" data-orig-file=\"https:\/\/eldiariodesanpedro.com.ar\/sitio\/wp-content\/uploads\/2017\/02\/IMG_20170221_164517825_TOP-e1487727049859.jpg\" data-orig-size=\"800,450\" data-comments-opened=\"1\" data-image-meta=\"{&quot;aperture&quot;:&quot;2&quot;,&quot;credit&quot;:&quot;&quot;,&quot;camera&quot;:&quot;XT1572&quot;,&quot;caption&quot;:&quot;&quot;,&quot;created_timestamp&quot;:&quot;1487695518&quot;,&quot;copyright&quot;:&quot;&quot;,&quot;focal_length&quot;:&quot;4.67&quot;,&quot;iso&quot;:&quot;50&quot;,&quot;shutter_speed&quot;:&quot;0.00077&quot;,&quot;title&quot;:&quot;&quot;,&quot;orientation&quot;:&quot;0&quot;}\" data-image-title=\"IMG_20170221_164517825_TOP\" data-image-description=\"\" data-image-caption=\"\" data-large-file=\"https:\/\/eldiariodesanpedro.com.ar\/sitio\/wp-content\/uploads\/2017\/02\/IMG_20170221_164517825_TOP-1024x576.jpg\" data-src=\"https:\/\/eldiariodesanpedro.com.ar\/sitio\/wp-content\/uploads\/2017\/02\/IMG_20170221_164517825_TOP-300x169.jpg\" alt=\"\" width=\"300\" height=\"169\" class=\"alignnone size-medium wp-image-15206 lazyload\" src=\"data:image\/svg+xml;base64,PHN2ZyB3aWR0aD0iMSIgaGVpZ2h0PSIxIiB4bWxucz0iaHR0cDovL3d3dy53My5vcmcvMjAwMC9zdmciPjwvc3ZnPg==\" style=\"--smush-placeholder-width: 300px; --smush-placeholder-aspect-ratio: 300\/169;\" \/><\/a><\/p>\n<p>El segundo accidente ocurri\u00f3 16:30 hs en la intersecci\u00f3n de La Laguna y Nieto de Torres donde colisionaron dos motocicletas y quien conduc\u00edan sufrieron heridas leves.<\/p>\n<p>El tercer accidente fue el mas grave y ocurri\u00f3 sobre la Ruta nacional 9 km 162 alrededor casi llegando al acceso de la ruta 191 tambi\u00e9n alrededor de las 16:30 hs, donde un autom\u00f3vil Volkswagen Bora color Rojo colisiono con un colectivo de transporte de pasajeros de la empresa Flecha Bus. El autom\u00f3vil en el que viajaban cuatro personas, dos menores y dos mayores, que circulaba en sentido Rosario &#8211; Buenos Aires por motivos que se tratan de establecer pierden el control del veh\u00edculo y cruz\u00e1ndose al otro carril y golpeando con la parte trasera luego de un trompo al colectivo que venia en direcci\u00f3n Buenos Aires &#8211; Rosario, a pesar del autom\u00f3vil sufrir un fuerte impacto los cuatro ocupantes del veh\u00edculo no sufrieron ninguna herida.<\/p>\n<p><a href=\"https:\/\/eldiariodesanpedro.com.ar\/sitio\/wp-content\/uploads\/2017\/02\/DSC_1442-e1487723134592.jpg\"><img decoding=\"async\" data-attachment-id=\"15186\" data-permalink=\"https:\/\/eldiariodesanpedro.com.ar\/sitio\/seis-accidentes-de-transito-en-la-tarde-de-hoy-en-dos-horas\/dsc_1442\/\" data-orig-file=\"https:\/\/eldiariodesanpedro.com.ar\/sitio\/wp-content\/uploads\/2017\/02\/DSC_1442-e1487723134592.jpg\" data-orig-size=\"800,535\" data-comments-opened=\"1\" data-image-meta=\"{&quot;aperture&quot;:&quot;9&quot;,&quot;credit&quot;:&quot;&quot;,&quot;camera&quot;:&quot;NIKON D3300&quot;,&quot;caption&quot;:&quot;&quot;,&quot;created_timestamp&quot;:&quot;1487695615&quot;,&quot;copyright&quot;:&quot;&quot;,&quot;focal_length&quot;:&quot;20&quot;,&quot;iso&quot;:&quot;200&quot;,&quot;shutter_speed&quot;:&quot;0.003125&quot;,&quot;title&quot;:&quot;&quot;,&quot;orientation&quot;:&quot;1&quot;}\" data-image-title=\"DSC_1442\" data-image-description=\"\" data-image-caption=\"\" data-large-file=\"https:\/\/eldiariodesanpedro.com.ar\/sitio\/wp-content\/uploads\/2017\/02\/DSC_1442-1024x684.jpg\" class=\"alignnone  wp-image-15186 lazyload\" data-src=\"https:\/\/eldiariodesanpedro.com.ar\/sitio\/wp-content\/uploads\/2017\/02\/DSC_1442-300x201.jpg\" alt=\"\" width=\"1030\" height=\"690\" src=\"data:image\/svg+xml;base64,PHN2ZyB3aWR0aD0iMSIgaGVpZ2h0PSIxIiB4bWxucz0iaHR0cDovL3d3dy53My5vcmcvMjAwMC9zdmciPjwvc3ZnPg==\" style=\"--smush-placeholder-width: 1030px; --smush-placeholder-aspect-ratio: 1030\/690;\" \/><\/a><\/p>\n<p>Momentos despu\u00e9s el cuarto accidente un cami\u00f3n que circulaba por la ruta nacional 9 se sali\u00f3 de la calzada y volc\u00f3 quedando entre la autopista y la colectora se trata de establecer el motivo. El ch\u00f3fer solo sufri\u00f3 un fuerte dolor de espalda. <\/p>\n<p><a href=\"https:\/\/eldiariodesanpedro.com.ar\/sitio\/wp-content\/uploads\/2017\/02\/IMG_20170221_222349.jpg\"><img decoding=\"async\" data-attachment-id=\"15203\" data-permalink=\"https:\/\/eldiariodesanpedro.com.ar\/sitio\/seis-accidentes-de-transito-en-la-tarde-de-hoy-en-dos-horas\/img_20170221_222349\/\" data-orig-file=\"https:\/\/eldiariodesanpedro.com.ar\/sitio\/wp-content\/uploads\/2017\/02\/IMG_20170221_222349.jpg\" data-orig-size=\"1057,624\" data-comments-opened=\"1\" data-image-meta=\"{&quot;aperture&quot;:&quot;0&quot;,&quot;credit&quot;:&quot;&quot;,&quot;camera&quot;:&quot;&quot;,&quot;caption&quot;:&quot;&quot;,&quot;created_timestamp&quot;:&quot;0&quot;,&quot;copyright&quot;:&quot;&quot;,&quot;focal_length&quot;:&quot;0&quot;,&quot;iso&quot;:&quot;0&quot;,&quot;shutter_speed&quot;:&quot;0&quot;,&quot;title&quot;:&quot;&quot;,&quot;orientation&quot;:&quot;0&quot;}\" data-image-title=\"IMG_20170221_222349\" data-image-description=\"\" data-image-caption=\"\" data-large-file=\"https:\/\/eldiariodesanpedro.com.ar\/sitio\/wp-content\/uploads\/2017\/02\/IMG_20170221_222349-1024x605.jpg\" data-src=\"https:\/\/eldiariodesanpedro.com.ar\/sitio\/wp-content\/uploads\/2017\/02\/IMG_20170221_222349-300x177.jpg\" alt=\"\" width=\"300\" height=\"177\" class=\"alignnone size-medium wp-image-15203 lazyload\" data-srcset=\"https:\/\/eldiariodesanpedro.com.ar\/sitio\/wp-content\/uploads\/2017\/02\/IMG_20170221_222349-300x177.jpg 300w, https:\/\/eldiariodesanpedro.com.ar\/sitio\/wp-content\/uploads\/2017\/02\/IMG_20170221_222349-768x453.jpg 768w, https:\/\/eldiariodesanpedro.com.ar\/sitio\/wp-content\/uploads\/2017\/02\/IMG_20170221_222349-1024x605.jpg 1024w, https:\/\/eldiariodesanpedro.com.ar\/sitio\/wp-content\/uploads\/2017\/02\/IMG_20170221_222349.jpg 1057w\" data-sizes=\"(max-width: 300px) 100vw, 300px\" src=\"data:image\/svg+xml;base64,PHN2ZyB3aWR0aD0iMSIgaGVpZ2h0PSIxIiB4bWxucz0iaHR0cDovL3d3dy53My5vcmcvMjAwMC9zdmciPjwvc3ZnPg==\" style=\"--smush-placeholder-width: 300px; --smush-placeholder-aspect-ratio: 300\/177;\" \/><\/a><\/p>\n<p>Luego el quinto accidente ocurrido pasadas las 17:00 hs en la intersecci\u00f3n de Aul\u00ed y La Laguna donde un hombre de 64 a\u00f1os de edad que circulaba en una motocicleta Gilera Smash RR 125 cc color roja impacto con un autom\u00f3vil Renault 9 color blanco, el hombre que por el fuerte golpe que recibi\u00f3 en su cabeza y al no llevar casco cay\u00f3 en la zanja fue trasladado a la guardia del hospital por el servicio de emergencia 101 ya que presentaria un grave traumatismo de cr\u00e1neo.<\/p>\n<p><a href=\"https:\/\/eldiariodesanpedro.com.ar\/sitio\/wp-content\/uploads\/2017\/02\/DSC_1450-e1487722748929.jpg\"><img decoding=\"async\" data-attachment-id=\"15175\" data-permalink=\"https:\/\/eldiariodesanpedro.com.ar\/sitio\/seis-accidentes-de-transito-en-la-tarde-de-hoy-en-dos-horas\/dsc_1450\/\" data-orig-file=\"https:\/\/eldiariodesanpedro.com.ar\/sitio\/wp-content\/uploads\/2017\/02\/DSC_1450-e1487722748929.jpg\" data-orig-size=\"800,535\" data-comments-opened=\"1\" data-image-meta=\"{&quot;aperture&quot;:&quot;8&quot;,&quot;credit&quot;:&quot;&quot;,&quot;camera&quot;:&quot;NIKON D3300&quot;,&quot;caption&quot;:&quot;&quot;,&quot;created_timestamp&quot;:&quot;1487697206&quot;,&quot;copyright&quot;:&quot;&quot;,&quot;focal_length&quot;:&quot;22&quot;,&quot;iso&quot;:&quot;250&quot;,&quot;shutter_speed&quot;:&quot;0.004&quot;,&quot;title&quot;:&quot;&quot;,&quot;orientation&quot;:&quot;1&quot;}\" data-image-title=\"DSC_1450\" data-image-description=\"\" data-image-caption=\"\" data-large-file=\"https:\/\/eldiariodesanpedro.com.ar\/sitio\/wp-content\/uploads\/2017\/02\/DSC_1450-1024x684.jpg\" class=\"alignnone  wp-image-15175 lazyload\" data-src=\"https:\/\/eldiariodesanpedro.com.ar\/sitio\/wp-content\/uploads\/2017\/02\/DSC_1450-300x201.jpg\" alt=\"\" width=\"1033\" height=\"692\" src=\"data:image\/svg+xml;base64,PHN2ZyB3aWR0aD0iMSIgaGVpZ2h0PSIxIiB4bWxucz0iaHR0cDovL3d3dy53My5vcmcvMjAwMC9zdmciPjwvc3ZnPg==\" style=\"--smush-placeholder-width: 1033px; --smush-placeholder-aspect-ratio: 1033\/692;\" \/><\/a><\/p>\n<p>El ultimo accidente registrado hasta el momento ocurri\u00f3 pasado las 17:30 hs donde un hombre mayo de 70 a\u00f1os de edad quien circulaba en su bicicleta por Bvard. Moreno casi llegando a calle Bartolom\u00e9 Mitre pierde el control debido a una descompensaci\u00f3n y colisiona contra un camioneta F100 que se encontraba estacionada en el lugar.<\/p>\n<p><a href=\"https:\/\/eldiariodesanpedro.com.ar\/sitio\/wp-content\/uploads\/2017\/02\/IMG-20170221-WA0033.jpg\"><img decoding=\"async\" data-attachment-id=\"15180\" data-permalink=\"https:\/\/eldiariodesanpedro.com.ar\/sitio\/seis-accidentes-de-transito-en-la-tarde-de-hoy-en-dos-horas\/img-20170221-wa0033\/\" data-orig-file=\"https:\/\/eldiariodesanpedro.com.ar\/sitio\/wp-content\/uploads\/2017\/02\/IMG-20170221-WA0033.jpg\" data-orig-size=\"1040,585\" data-comments-opened=\"1\" data-image-meta=\"{&quot;aperture&quot;:&quot;0&quot;,&quot;credit&quot;:&quot;&quot;,&quot;camera&quot;:&quot;&quot;,&quot;caption&quot;:&quot;&quot;,&quot;created_timestamp&quot;:&quot;0&quot;,&quot;copyright&quot;:&quot;&quot;,&quot;focal_length&quot;:&quot;0&quot;,&quot;iso&quot;:&quot;0&quot;,&quot;shutter_speed&quot;:&quot;0&quot;,&quot;title&quot;:&quot;&quot;,&quot;orientation&quot;:&quot;0&quot;}\" data-image-title=\"IMG-20170221-WA0033\" data-image-description=\"\" data-image-caption=\"\" data-large-file=\"https:\/\/eldiariodesanpedro.com.ar\/sitio\/wp-content\/uploads\/2017\/02\/IMG-20170221-WA0033-1024x576.jpg\" class=\"alignnone  wp-image-15180 lazyload\" data-src=\"https:\/\/eldiariodesanpedro.com.ar\/sitio\/wp-content\/uploads\/2017\/02\/IMG-20170221-WA0033-300x169.jpg\" alt=\"\" width=\"1053\" height=\"593\" data-srcset=\"https:\/\/eldiariodesanpedro.com.ar\/sitio\/wp-content\/uploads\/2017\/02\/IMG-20170221-WA0033-300x169.jpg 300w, https:\/\/eldiariodesanpedro.com.ar\/sitio\/wp-content\/uploads\/2017\/02\/IMG-20170221-WA0033-768x432.jpg 768w, https:\/\/eldiariodesanpedro.com.ar\/sitio\/wp-content\/uploads\/2017\/02\/IMG-20170221-WA0033-1024x576.jpg 1024w, https:\/\/eldiariodesanpedro.com.ar\/sitio\/wp-content\/uploads\/2017\/02\/IMG-20170221-WA0033.jpg 1040w\" data-sizes=\"(max-width: 1053px) 100vw, 1053px\" src=\"data:image\/svg+xml;base64,PHN2ZyB3aWR0aD0iMSIgaGVpZ2h0PSIxIiB4bWxucz0iaHR0cDovL3d3dy53My5vcmcvMjAwMC9zdmciPjwvc3ZnPg==\" style=\"--smush-placeholder-width: 1053px; --smush-placeholder-aspect-ratio: 1053\/593;\" \/><\/a><\/p>\n","protected":false},"excerpt":{"rendered":"<p>Durante la tarde de hoy entre las 16:00 hs a 18:00 hs se registraron seis accidentes en nuestra localidad, cuatro dentro de la ciudad y dos sobre la Ruta Nacional 9 km 162 casi en el ingreso de la ruta 191. El primer accidente que se registro fue pasadas las 16:00 hs en la esquina [&hellip;]<\/p>\n","protected":false},"author":4,"featured_media":15167,"comment_status":"open","ping_status":"closed","sticky":false,"template":"","format":"standard","meta":{"om_disable_all_campaigns":false,"_jetpack_memberships_contains_paid_content":false,"footnotes":""},"categories":[50,2,103],"tags":[],"class_list":["post-15130","post","type-post","status-publish","format-standard","has-post-thumbnail","hentry","category-destacadas","category-locales","category-policiales-locales"],"aioseo_notices":[],"gutentor_comment":0,"jetpack_featured_media_url":"https:\/\/eldiariodesanpedro.com.ar\/sitio\/wp-content\/uploads\/2017\/02\/seis-accidentes-e1487722548781.jpg","jetpack_shortlink":"https:\/\/wp.me\/p6RhLt-3W2","jetpack_sharing_enabled":true,"_links":{"self":[{"href":"https:\/\/eldiariodesanpedro.com.ar\/sitio\/wp-json\/wp\/v2\/posts\/15130","targetHints":{"allow":["GET"]}}],"collection":[{"href":"https:\/\/eldiariodesanpedro.com.ar\/sitio\/wp-json\/wp\/v2\/posts"}],"about":[{"href":"https:\/\/eldiariodesanpedro.com.ar\/sitio\/wp-json\/wp\/v2\/types\/post"}],"author":[{"embeddable":true,"href":"https:\/\/eldiariodesanpedro.com.ar\/sitio\/wp-json\/wp\/v2\/users\/4"}],"replies":[{"embeddable":true,"href":"https:\/\/eldiariodesanpedro.com.ar\/sitio\/wp-json\/wp\/v2\/comments?post=15130"}],"version-history":[{"count":7,"href":"https:\/\/eldiariodesanpedro.com.ar\/sitio\/wp-json\/wp\/v2\/posts\/15130\/revisions"}],"predecessor-version":[{"id":15207,"href":"https:\/\/eldiariodesanpedro.com.ar\/sitio\/wp-json\/wp\/v2\/posts\/15130\/revisions\/15207"}],"wp:featuredmedia":[{"embeddable":true,"href":"https:\/\/eldiariodesanpedro.com.ar\/sitio\/wp-json\/wp\/v2\/media\/15167"}],"wp:attachment":[{"href":"https:\/\/eldiariodesanpedro.com.ar\/sitio\/wp-json\/wp\/v2\/media?parent=15130"}],"wp:term":[{"taxonomy":"category","embeddable":true,"href":"https:\/\/eldiariodesanpedro.com.ar\/sitio\/wp-json\/wp\/v2\/categories?post=15130"},{"taxonomy":"post_tag","embeddable":true,"href":"https:\/\/eldiariodesanpedro.com.ar\/sitio\/wp-json\/wp\/v2\/tags?post=15130"}],"curies":[{"name":"wp","href":"https:\/\/api.w.org\/{rel}","templated":true}]}}