{"id":15123,"date":"2017-02-21T11:28:07","date_gmt":"2017-02-21T14:28:07","guid":{"rendered":"https:\/\/eldiariodesanpedro.com.ar\/sitio\/?p=15123"},"modified":"2017-02-21T11:28:07","modified_gmt":"2017-02-21T14:28:07","slug":"ramanzini-el-intendente-esta-mas-preocupado-por-las-elecciones-que-por-si-la-gente-llega-a-fin-de-mes","status":"publish","type":"post","link":"https:\/\/eldiariodesanpedro.com.ar\/sitio\/ramanzini-el-intendente-esta-mas-preocupado-por-las-elecciones-que-por-si-la-gente-llega-a-fin-de-mes\/","title":{"rendered":"Ramanzini: \u00abEl intendente esta mas preocupado por las elecciones que por si la gente llega a fin de mes\u00bb"},"content":{"rendered":"<p><!-- VideographyWP Plugin Message: Automatic video embedding prevented by plugin options. --><br \/>\nAriel Ramanzini, presidente de bloque de concejales  y referente del Frente Renovador de San Pedro realiz\u00f3 una recorrida solidaria por distintos barrios de la ciudad y la localidad de Gobernador Castro. Junto a parte de su equipo de trabajo estuvieron acercando donaciones de alimentos y ropa a distintas familias en situaci\u00f3n de necesidad. En este sentido el concejal dijo: Realizamos estas recorridas peri\u00f3dicamente escuchando las necesidades de los vecinos de distintos barrios, de ah\u00ed es que luego planteamos los reclamos en el concejo deliberante. En este caso se repartieron algunas donaciones en colaboraci\u00f3n con miembros la iglesia \u201cJesucristo es la Verdad\u201d del partido de Tigre,  que se puso a disposici\u00f3n para ayudar a los que m\u00e1s lo necesitan. <\/p>\n<p>\u201cSabemos que hay muchas familias con necesidades y desde nuestro espacio colaboramos con distintas asociaciones civiles, merenderos y diversas familias que se acercan a pedir nuestra ayuda. En este \u00faltimo tiempo vemos que nuestra ciudad se encuentra cada d\u00eda con m\u00e1s necesidades, como plantee en otras oportunidades vemos que este gobierno no le interesa si la gente llega a fin de mes y todas las medidas son en contra de las familias de clases media y los trabajadores. Aumentos, inflaci\u00f3n, tarifazos, impuestazos municipales son todas cosas que van perjudicando al pueblo. Como dije en otras oportunidades este gobierno \u201cCastiga a los trabajadores y a los que menos tienen\u201d . Tristemente no vemos desde el municipio que se generen acciones para revertir esta situaci\u00f3n. El municipio deber\u00eda precuparse por generar puestos de trabajo, que es uno de los grandes pedidos de la gente, todos los d\u00edas recibimos pedidos de vecinos  que quieren y necesitan trabajar y no encuentra soluci\u00f3n a su pedido porque cada dia hay menos posibilidades de conseguir trabajo en nuestra ciudad. Otro punto es la falta de acciones para sacar a los j\u00f3venes de las calles que luego eso lleva a que probablemente agarren malos caminos. El municipio deber\u00eda generar programas de contenci\u00f3n para que los j\u00f3venes puedan tener actividades se capaciten y se mantengan alejados de las calles. <\/p>\n<p>La gente ha tenido una gran desilusi\u00f3n con respecto a lo que creia iba a ser un cambio, y nos encontramos con las mismas malas pr\u00e1cticas de siempre.<br \/>\nTristemente no vemos desde el municipio que se generen acciones para revertir esta situaci\u00f3n y mucho menos un cambio en la forma de gobernar, ya que cada vez hay mas empleados, nada de transperencia y mentiras permanentes ademas de no cumplir con la publicaci\u00f3n de datos e informaci\u00f3n que constantemente le pedimos. En el Concejo Deliberante el gobierno solo inpone su mayor\u00eda para hacer lo que quiere y reitero no cumple ni con las ordenanzas ni con lo establecido por la ley organica de los municipios en perjuicio siempre de los vecinos.<\/p>\n<p>La seguridad es un tema aparte, parece que San Pedro es una zona liberada sin ning\u00fan plan por parte de la gesti\u00f3n actual, prometieron c\u00e1maras en las localidades, puestos de control, y otras tantas cosas y no vemos que se hayan llevado a cabo y hoy nuestra ciudad es de los delincuentes.<br \/>\nPor otro lado no vemos ninguna acci\u00f3n por parte del intendente para defender a los vecinos de los tarifazos. Desde nuestro espacio fuimos a la justicia para frenar los tarifazos de luz, aunque no fuimos escuchados, por lo menos nos pusimos del lado de la gente e intentamos defenderlos. <\/p>\n<p>Este gobierno y su presidente parecen no entender la situaci\u00f3n que est\u00e1n provocando en el  pa\u00eds, despidos, suspensiones, falta de empleo, aumentos por todos lados , y al intendente tambi\u00e9n parece  no importarle si la gente puede pagar las cuentas o si cierran comercios por los aumentos, ya que apenas la gente se atrasa en el pago de las tasas son intimados legalmente a pagar y en la situaci\u00f3n que estamos pasando es muy dif\u00edcil que la gente pueda pagar en termino. Parece que el intendente est\u00e1 m\u00e1s preocupado en recaudar y por las elecciones que en si la gente llega a fin de mes.<br \/>\nDesde nuestro espacio del frente renovador seguimos trabajando del lado de la gente y es nuestro \u00fanico compromiso poder ayudar para que la gente pueda vivir mejor\u201d Sentencia el concejal Ramanzini.<\/p>\n","protected":false},"excerpt":{"rendered":"<p>Ariel Ramanzini, presidente de bloque de concejales y referente del Frente Renovador de San Pedro realiz\u00f3 una recorrida solidaria por distintos barrios de la ciudad y la localidad de Gobernador Castro. Junto a parte de su equipo de trabajo estuvieron acercando donaciones de alimentos y ropa a distintas familias en situaci\u00f3n de necesidad. En este [&hellip;]<\/p>\n","protected":false},"author":4,"featured_media":15124,"comment_status":"open","ping_status":"closed","sticky":false,"template":"","format":"standard","meta":{"om_disable_all_campaigns":false,"_jetpack_memberships_contains_paid_content":false,"footnotes":""},"categories":[50,2,102],"tags":[],"class_list":["post-15123","post","type-post","status-publish","format-standard","has-post-thumbnail","hentry","category-destacadas","category-locales","category-politica-locales"],"aioseo_notices":[],"gutentor_comment":0,"jetpack_featured_media_url":"https:\/\/eldiariodesanpedro.com.ar\/sitio\/wp-content\/uploads\/2017\/02\/ramanzini.jpg","jetpack_shortlink":"https:\/\/wp.me\/p6RhLt-3VV","jetpack_sharing_enabled":true,"_links":{"self":[{"href":"https:\/\/eldiariodesanpedro.com.ar\/sitio\/wp-json\/wp\/v2\/posts\/15123","targetHints":{"allow":["GET"]}}],"collection":[{"href":"https:\/\/eldiariodesanpedro.com.ar\/sitio\/wp-json\/wp\/v2\/posts"}],"about":[{"href":"https:\/\/eldiariodesanpedro.com.ar\/sitio\/wp-json\/wp\/v2\/types\/post"}],"author":[{"embeddable":true,"href":"https:\/\/eldiariodesanpedro.com.ar\/sitio\/wp-json\/wp\/v2\/users\/4"}],"replies":[{"embeddable":true,"href":"https:\/\/eldiariodesanpedro.com.ar\/sitio\/wp-json\/wp\/v2\/comments?post=15123"}],"version-history":[{"count":1,"href":"https:\/\/eldiariodesanpedro.com.ar\/sitio\/wp-json\/wp\/v2\/posts\/15123\/revisions"}],"predecessor-version":[{"id":15125,"href":"https:\/\/eldiariodesanpedro.com.ar\/sitio\/wp-json\/wp\/v2\/posts\/15123\/revisions\/15125"}],"wp:featuredmedia":[{"embeddable":true,"href":"https:\/\/eldiariodesanpedro.com.ar\/sitio\/wp-json\/wp\/v2\/media\/15124"}],"wp:attachment":[{"href":"https:\/\/eldiariodesanpedro.com.ar\/sitio\/wp-json\/wp\/v2\/media?parent=15123"}],"wp:term":[{"taxonomy":"category","embeddable":true,"href":"https:\/\/eldiariodesanpedro.com.ar\/sitio\/wp-json\/wp\/v2\/categories?post=15123"},{"taxonomy":"post_tag","embeddable":true,"href":"https:\/\/eldiariodesanpedro.com.ar\/sitio\/wp-json\/wp\/v2\/tags?post=15123"}],"curies":[{"name":"wp","href":"https:\/\/api.w.org\/{rel}","templated":true}]}}