{"id":15117,"date":"2017-02-21T10:05:03","date_gmt":"2017-02-21T13:05:03","guid":{"rendered":"https:\/\/eldiariodesanpedro.com.ar\/sitio\/?p=15117"},"modified":"2017-02-21T10:05:03","modified_gmt":"2017-02-21T13:05:03","slug":"intendente-recorrio-barrios","status":"publish","type":"post","link":"https:\/\/eldiariodesanpedro.com.ar\/sitio\/intendente-recorrio-barrios\/","title":{"rendered":"Intendente recorri\u00f3 barrios"},"content":{"rendered":"<p><!-- VideographyWP Plugin Message: Automatic video embedding prevented by plugin options. --><br \/>\nAcompa\u00f1ado por el Secretario de Servicio P\u00fablicos Ariel \u00c1lvarez, el Intendente Cecilio Salazar recorri\u00f3 los barrios en los que se mejoran unas 30 cuadras. Colocan material RAP para luego continuar con las tareas con una emulsi\u00f3n asf\u00e1ltica.<\/p>\n<p>Las zonas en las que estuvo el Jefe Comunal son: Atepam, Fonavi 2 y Plaza Mart\u00edn Fierro.<\/p>\n<p>Salazar pudo dialogar con los vecinos, quienes reconocieron que hace m\u00e1s de ocho a\u00f1os que esperan mejoras en los barrios.<\/p>\n","protected":false},"excerpt":{"rendered":"<p>Acompa\u00f1ado por el Secretario de Servicio P\u00fablicos Ariel \u00c1lvarez, el Intendente Cecilio Salazar recorri\u00f3 los barrios en los que se mejoran unas 30 cuadras. Colocan material RAP para luego continuar con las tareas con una emulsi\u00f3n asf\u00e1ltica. Las zonas en las que estuvo el Jefe Comunal son: Atepam, Fonavi 2 y Plaza Mart\u00edn Fierro. Salazar [&hellip;]<\/p>\n","protected":false},"author":4,"featured_media":15118,"comment_status":"open","ping_status":"closed","sticky":false,"template":"","format":"standard","meta":{"om_disable_all_campaigns":false,"_jetpack_memberships_contains_paid_content":false,"footnotes":""},"categories":[2,102],"tags":[],"class_list":["post-15117","post","type-post","status-publish","format-standard","has-post-thumbnail","hentry","category-locales","category-politica-locales"],"aioseo_notices":[],"gutentor_comment":0,"jetpack_featured_media_url":"https:\/\/eldiariodesanpedro.com.ar\/sitio\/wp-content\/uploads\/2017\/02\/Cecilio-en-los-barrios.jpg","jetpack_shortlink":"https:\/\/wp.me\/p6RhLt-3VP","jetpack_sharing_enabled":true,"_links":{"self":[{"href":"https:\/\/eldiariodesanpedro.com.ar\/sitio\/wp-json\/wp\/v2\/posts\/15117","targetHints":{"allow":["GET"]}}],"collection":[{"href":"https:\/\/eldiariodesanpedro.com.ar\/sitio\/wp-json\/wp\/v2\/posts"}],"about":[{"href":"https:\/\/eldiariodesanpedro.com.ar\/sitio\/wp-json\/wp\/v2\/types\/post"}],"author":[{"embeddable":true,"href":"https:\/\/eldiariodesanpedro.com.ar\/sitio\/wp-json\/wp\/v2\/users\/4"}],"replies":[{"embeddable":true,"href":"https:\/\/eldiariodesanpedro.com.ar\/sitio\/wp-json\/wp\/v2\/comments?post=15117"}],"version-history":[{"count":1,"href":"https:\/\/eldiariodesanpedro.com.ar\/sitio\/wp-json\/wp\/v2\/posts\/15117\/revisions"}],"predecessor-version":[{"id":15119,"href":"https:\/\/eldiariodesanpedro.com.ar\/sitio\/wp-json\/wp\/v2\/posts\/15117\/revisions\/15119"}],"wp:featuredmedia":[{"embeddable":true,"href":"https:\/\/eldiariodesanpedro.com.ar\/sitio\/wp-json\/wp\/v2\/media\/15118"}],"wp:attachment":[{"href":"https:\/\/eldiariodesanpedro.com.ar\/sitio\/wp-json\/wp\/v2\/media?parent=15117"}],"wp:term":[{"taxonomy":"category","embeddable":true,"href":"https:\/\/eldiariodesanpedro.com.ar\/sitio\/wp-json\/wp\/v2\/categories?post=15117"},{"taxonomy":"post_tag","embeddable":true,"href":"https:\/\/eldiariodesanpedro.com.ar\/sitio\/wp-json\/wp\/v2\/tags?post=15117"}],"curies":[{"name":"wp","href":"https:\/\/api.w.org\/{rel}","templated":true}]}}