{"id":15112,"date":"2017-02-21T09:51:45","date_gmt":"2017-02-21T12:51:45","guid":{"rendered":"https:\/\/eldiariodesanpedro.com.ar\/sitio\/?p=15112"},"modified":"2017-02-21T09:56:54","modified_gmt":"2017-02-21T12:56:54","slug":"los-campedrinos-consagracion-baradero-2017","status":"publish","type":"post","link":"https:\/\/eldiariodesanpedro.com.ar\/sitio\/los-campedrinos-consagracion-baradero-2017\/","title":{"rendered":"Los Campedrinos Consagraci\u00f3n de Baradero 2017"},"content":{"rendered":"<p><!-- VideographyWP Plugin Message: Automatic video embedding prevented by plugin options. --><br \/>\nSergio y Agustin se presentaron en el Festival Nacional de M\u00fasica Popular de Baradero donde el p\u00fablico y la comision los Consagr\u00f3 con el m\u00e1ximo reconocimiento que se entrega en el festival.<\/p>\n<p>En una noche hist\u00f3rica para uno de los festivales m\u00e1s reconocidos y convocante del pa\u00eds, con entradas agotadas en la \u00faltima luna festivalera premi\u00f3 con tan solo 22 a\u00f1os a este Duo que revolucion\u00f3 a todo el p\u00fablico del anfiteatro municipal con su folklore, talento y euforia que los caracteriza.<\/p>\n<p>Comenzaron el show con una chacarera con bailarines en escena del reconocido y multipremiado ballet \u00abFog\u00f3n de la Amistad\u00bb de Tres Lomas y culminaron el show a puro chamame, con un salto del escenario hacia el p\u00fablico, donde se despidieron cantando y bailando entre la gente que de pie y con una ovaci\u00f3n pocas veces vista en el festival los proclama consagraci\u00f3n del festival nacional de Baradero 2017.<br \/>\nLos Campedrinos vienen acumulando premiaciones y gan\u00e1ndose su lugar en la m\u00fasica popular, todo esto los est\u00e1 convirtiendo tal como dijo Claudio Carena su productor y Facundo Toro su padrino, en el nuevo suceso del Folklore argentino.<br \/>\nUna gira extensa a\u00fan espera al d\u00fao festivalero por Salta, Santiago del Estero, Tucum\u00e1n y La Pampa.<\/p>\n<div class=\"fb-video\" data-allowfullscreen=\"true\" data-href=\"https:\/\/www.facebook.com\/eldiario.desanpedro\/videos\/578766075665869\/\" style=\"background-color: #fff; display: inline-block;\"><\/div>\n","protected":false},"excerpt":{"rendered":"<p>Sergio y Agustin se presentaron en el Festival Nacional de M\u00fasica Popular de Baradero donde el p\u00fablico y la comision los Consagr\u00f3 con el m\u00e1ximo reconocimiento que se entrega en el festival. En una noche hist\u00f3rica para uno de los festivales m\u00e1s reconocidos y convocante del pa\u00eds, con entradas agotadas en la \u00faltima luna festivalera [&hellip;]<\/p>\n","protected":false},"author":4,"featured_media":15113,"comment_status":"open","ping_status":"closed","sticky":false,"template":"","format":"standard","meta":{"om_disable_all_campaigns":false,"_jetpack_memberships_contains_paid_content":false,"footnotes":""},"categories":[50,101,2],"tags":[],"class_list":["post-15112","post","type-post","status-publish","format-standard","has-post-thumbnail","hentry","category-destacadas","category-interes-general-locales","category-locales"],"aioseo_notices":[],"gutentor_comment":0,"jetpack_featured_media_url":"https:\/\/eldiariodesanpedro.com.ar\/sitio\/wp-content\/uploads\/2017\/02\/Festival-Pa\u00eds-\u201817-Los-Campedrinos-en-el-Festival-de-M\u00fasica-Popular-Argentina.jpeg","jetpack_shortlink":"https:\/\/wp.me\/p6RhLt-3VK","jetpack_sharing_enabled":true,"_links":{"self":[{"href":"https:\/\/eldiariodesanpedro.com.ar\/sitio\/wp-json\/wp\/v2\/posts\/15112","targetHints":{"allow":["GET"]}}],"collection":[{"href":"https:\/\/eldiariodesanpedro.com.ar\/sitio\/wp-json\/wp\/v2\/posts"}],"about":[{"href":"https:\/\/eldiariodesanpedro.com.ar\/sitio\/wp-json\/wp\/v2\/types\/post"}],"author":[{"embeddable":true,"href":"https:\/\/eldiariodesanpedro.com.ar\/sitio\/wp-json\/wp\/v2\/users\/4"}],"replies":[{"embeddable":true,"href":"https:\/\/eldiariodesanpedro.com.ar\/sitio\/wp-json\/wp\/v2\/comments?post=15112"}],"version-history":[{"count":3,"href":"https:\/\/eldiariodesanpedro.com.ar\/sitio\/wp-json\/wp\/v2\/posts\/15112\/revisions"}],"predecessor-version":[{"id":15116,"href":"https:\/\/eldiariodesanpedro.com.ar\/sitio\/wp-json\/wp\/v2\/posts\/15112\/revisions\/15116"}],"wp:featuredmedia":[{"embeddable":true,"href":"https:\/\/eldiariodesanpedro.com.ar\/sitio\/wp-json\/wp\/v2\/media\/15113"}],"wp:attachment":[{"href":"https:\/\/eldiariodesanpedro.com.ar\/sitio\/wp-json\/wp\/v2\/media?parent=15112"}],"wp:term":[{"taxonomy":"category","embeddable":true,"href":"https:\/\/eldiariodesanpedro.com.ar\/sitio\/wp-json\/wp\/v2\/categories?post=15112"},{"taxonomy":"post_tag","embeddable":true,"href":"https:\/\/eldiariodesanpedro.com.ar\/sitio\/wp-json\/wp\/v2\/tags?post=15112"}],"curies":[{"name":"wp","href":"https:\/\/api.w.org\/{rel}","templated":true}]}}