{"id":15106,"date":"2017-02-21T09:35:29","date_gmt":"2017-02-21T12:35:29","guid":{"rendered":"https:\/\/eldiariodesanpedro.com.ar\/sitio\/?p=15106"},"modified":"2017-02-21T09:35:29","modified_gmt":"2017-02-21T12:35:29","slug":"13-nuevos-agentes-de-la-policia-local","status":"publish","type":"post","link":"https:\/\/eldiariodesanpedro.com.ar\/sitio\/13-nuevos-agentes-de-la-policia-local\/","title":{"rendered":"13 nuevos agentes de la Polic\u00eda Local"},"content":{"rendered":"<p><!-- VideographyWP Plugin Message: Automatic video embedding prevented by plugin options. --><br \/>\nEste lunes, en un sencillo acto que se desarroll\u00f3 en la Direcci\u00f3n de Turismo, el Intendente Municipal Cecilio Salazar entreg\u00f3 diplomas a los 13 agentes de la Polic\u00eda Local que no pudieron recibirlos en diciembre por cuestiones administrativas.<\/p>\n<p>El Jefe Comunal destac\u00f3 la labor de los uniformados que ya llevan m\u00e1s de un mes recorriendo las calles de San Pedro y remarc\u00f3: \u201cVan a contar con nuestro apoyo siempre que hagan las cosas bien, al que haga las cosas fuera de la ley lo dejaremos s\u00f3lo\u201d. Pidi\u00f3 compromiso y dedicaci\u00f3n.<\/p>\n<p>Del acto participaron el Secretario de Gobierno Silvio Corti y el Director de Coordinaci\u00f3n Juan Carlos Ag\u00fcero.<\/p>\n","protected":false},"excerpt":{"rendered":"<p>Este lunes, en un sencillo acto que se desarroll\u00f3 en la Direcci\u00f3n de Turismo, el Intendente Municipal Cecilio Salazar entreg\u00f3 diplomas a los 13 agentes de la Polic\u00eda Local que no pudieron recibirlos en diciembre por cuestiones administrativas. El Jefe Comunal destac\u00f3 la labor de los uniformados que ya llevan m\u00e1s de un mes recorriendo [&hellip;]<\/p>\n","protected":false},"author":4,"featured_media":15107,"comment_status":"open","ping_status":"closed","sticky":false,"template":"","format":"standard","meta":{"om_disable_all_campaigns":false,"_jetpack_memberships_contains_paid_content":false,"footnotes":""},"categories":[2,102],"tags":[],"class_list":["post-15106","post","type-post","status-publish","format-standard","has-post-thumbnail","hentry","category-locales","category-politica-locales"],"aioseo_notices":[],"gutentor_comment":0,"jetpack_featured_media_url":"https:\/\/eldiariodesanpedro.com.ar\/sitio\/wp-content\/uploads\/2017\/02\/PoliciaLocal.jpg","jetpack_shortlink":"https:\/\/wp.me\/p6RhLt-3VE","jetpack_sharing_enabled":true,"_links":{"self":[{"href":"https:\/\/eldiariodesanpedro.com.ar\/sitio\/wp-json\/wp\/v2\/posts\/15106","targetHints":{"allow":["GET"]}}],"collection":[{"href":"https:\/\/eldiariodesanpedro.com.ar\/sitio\/wp-json\/wp\/v2\/posts"}],"about":[{"href":"https:\/\/eldiariodesanpedro.com.ar\/sitio\/wp-json\/wp\/v2\/types\/post"}],"author":[{"embeddable":true,"href":"https:\/\/eldiariodesanpedro.com.ar\/sitio\/wp-json\/wp\/v2\/users\/4"}],"replies":[{"embeddable":true,"href":"https:\/\/eldiariodesanpedro.com.ar\/sitio\/wp-json\/wp\/v2\/comments?post=15106"}],"version-history":[{"count":1,"href":"https:\/\/eldiariodesanpedro.com.ar\/sitio\/wp-json\/wp\/v2\/posts\/15106\/revisions"}],"predecessor-version":[{"id":15108,"href":"https:\/\/eldiariodesanpedro.com.ar\/sitio\/wp-json\/wp\/v2\/posts\/15106\/revisions\/15108"}],"wp:featuredmedia":[{"embeddable":true,"href":"https:\/\/eldiariodesanpedro.com.ar\/sitio\/wp-json\/wp\/v2\/media\/15107"}],"wp:attachment":[{"href":"https:\/\/eldiariodesanpedro.com.ar\/sitio\/wp-json\/wp\/v2\/media?parent=15106"}],"wp:term":[{"taxonomy":"category","embeddable":true,"href":"https:\/\/eldiariodesanpedro.com.ar\/sitio\/wp-json\/wp\/v2\/categories?post=15106"},{"taxonomy":"post_tag","embeddable":true,"href":"https:\/\/eldiariodesanpedro.com.ar\/sitio\/wp-json\/wp\/v2\/tags?post=15106"}],"curies":[{"name":"wp","href":"https:\/\/api.w.org\/{rel}","templated":true}]}}