{"id":15103,"date":"2017-02-21T09:29:21","date_gmt":"2017-02-21T12:29:21","guid":{"rendered":"https:\/\/eldiariodesanpedro.com.ar\/sitio\/?p=15103"},"modified":"2017-02-21T11:20:22","modified_gmt":"2017-02-21T14:20:22","slug":"joven-motociclista-con-multiples-fracturas-por-un-choque","status":"publish","type":"post","link":"https:\/\/eldiariodesanpedro.com.ar\/sitio\/joven-motociclista-con-multiples-fracturas-por-un-choque\/","title":{"rendered":"Joven motociclista con m\u00faltiples fracturas por un choque"},"content":{"rendered":"<p><!-- VideographyWP Plugin Message: Automatic video embedding prevented by plugin options. --><br \/>\nEn el d\u00eda de ayer a las 19:30 hs en la intersecci\u00f3n de las calles Rivadavia e Italia y por causas que tratan de establecerse se produjo un accidente de transito entre un Volkwagen Senda color blanco y motocicleta Corven 110 cc conducida por un joven menor de edad quien iba acompa\u00f1ado por su novia tambi\u00e9n menor edad, que como consecuencia la joven menor de edad quien iba de acompa\u00f1ante fue trasladada al hospital local con doble factura de peron\u00e9. Cabe destacar que luego del accidente otro joven amigo de las personas accidentas se dieron a la fuga del lugar donde ocurri\u00f3 el siniestro sin esperar a la llegada de los peritos.<\/p>\n","protected":false},"excerpt":{"rendered":"<p>En el d\u00eda de ayer a las 19:30 hs en la intersecci\u00f3n de las calles Rivadavia e Italia y por causas que tratan de establecerse se produjo un accidente de transito entre un Volkwagen Senda color blanco y motocicleta Corven 110 cc conducida por un joven menor de edad quien iba acompa\u00f1ado por su novia [&hellip;]<\/p>\n","protected":false},"author":4,"featured_media":15104,"comment_status":"open","ping_status":"closed","sticky":false,"template":"","format":"standard","meta":{"om_disable_all_campaigns":false,"_jetpack_memberships_contains_paid_content":false,"footnotes":""},"categories":[50,2,103],"tags":[],"class_list":["post-15103","post","type-post","status-publish","format-standard","has-post-thumbnail","hentry","category-destacadas","category-locales","category-policiales-locales"],"aioseo_notices":[],"gutentor_comment":0,"jetpack_featured_media_url":"https:\/\/eldiariodesanpedro.com.ar\/sitio\/wp-content\/uploads\/2017\/02\/IMG_20170220_194548153-e1487680132860.jpg","jetpack_shortlink":"https:\/\/wp.me\/p6RhLt-3VB","jetpack_sharing_enabled":true,"_links":{"self":[{"href":"https:\/\/eldiariodesanpedro.com.ar\/sitio\/wp-json\/wp\/v2\/posts\/15103","targetHints":{"allow":["GET"]}}],"collection":[{"href":"https:\/\/eldiariodesanpedro.com.ar\/sitio\/wp-json\/wp\/v2\/posts"}],"about":[{"href":"https:\/\/eldiariodesanpedro.com.ar\/sitio\/wp-json\/wp\/v2\/types\/post"}],"author":[{"embeddable":true,"href":"https:\/\/eldiariodesanpedro.com.ar\/sitio\/wp-json\/wp\/v2\/users\/4"}],"replies":[{"embeddable":true,"href":"https:\/\/eldiariodesanpedro.com.ar\/sitio\/wp-json\/wp\/v2\/comments?post=15103"}],"version-history":[{"count":4,"href":"https:\/\/eldiariodesanpedro.com.ar\/sitio\/wp-json\/wp\/v2\/posts\/15103\/revisions"}],"predecessor-version":[{"id":15122,"href":"https:\/\/eldiariodesanpedro.com.ar\/sitio\/wp-json\/wp\/v2\/posts\/15103\/revisions\/15122"}],"wp:featuredmedia":[{"embeddable":true,"href":"https:\/\/eldiariodesanpedro.com.ar\/sitio\/wp-json\/wp\/v2\/media\/15104"}],"wp:attachment":[{"href":"https:\/\/eldiariodesanpedro.com.ar\/sitio\/wp-json\/wp\/v2\/media?parent=15103"}],"wp:term":[{"taxonomy":"category","embeddable":true,"href":"https:\/\/eldiariodesanpedro.com.ar\/sitio\/wp-json\/wp\/v2\/categories?post=15103"},{"taxonomy":"post_tag","embeddable":true,"href":"https:\/\/eldiariodesanpedro.com.ar\/sitio\/wp-json\/wp\/v2\/tags?post=15103"}],"curies":[{"name":"wp","href":"https:\/\/api.w.org\/{rel}","templated":true}]}}