{"id":15101,"date":"2017-02-21T09:13:41","date_gmt":"2017-02-21T12:13:41","guid":{"rendered":"https:\/\/eldiariodesanpedro.com.ar\/sitio\/?p=15101"},"modified":"2017-02-21T09:13:41","modified_gmt":"2017-02-21T12:13:41","slug":"se-recupero-una-moto-robada-y-se-detuvo-a-una-persona-con-pedido-de-averiguacion-de-paradero","status":"publish","type":"post","link":"https:\/\/eldiariodesanpedro.com.ar\/sitio\/se-recupero-una-moto-robada-y-se-detuvo-a-una-persona-con-pedido-de-averiguacion-de-paradero\/","title":{"rendered":"Se recupero una moto robada y se detuvo a una persona con pedido de averiguaci\u00f3n de paradero"},"content":{"rendered":"<p><!-- VideographyWP Plugin Message: Automatic video embedding prevented by plugin options. --><br \/>\nEn el d\u00eda de ayer se procedi\u00f3 a la aprehensi\u00f3n de un sujeto el que conduc\u00eda una motocicleta Gilera Smash 110 cc la cual posee pedido de secuestro activo por hurto denunciada en el a\u00f1o 2007. Magistrado intervienente dispuso se labren las actuaciones de rigor luego se le otorgo la liberad al aprehendido, intervino la UFI n\u00ba 7<\/p>\n<p>Polic\u00eda Local procedi\u00f3 a la aprehensi\u00f3n de un masculino mayor de edad quien presentaba pedido de captura activo, por averiguaci\u00f3n de paradero solicitado por el juzgado correccional N\u00ba 1 de San Nicolas. Por este motivo fue notificado de su presentacion a sede judicial a regularizar la situaci\u00f3n y puesto en libertad.<\/p>\n","protected":false},"excerpt":{"rendered":"<p>En el d\u00eda de ayer se procedi\u00f3 a la aprehensi\u00f3n de un sujeto el que conduc\u00eda una motocicleta Gilera Smash 110 cc la cual posee pedido de secuestro activo por hurto denunciada en el a\u00f1o 2007. Magistrado intervienente dispuso se labren las actuaciones de rigor luego se le otorgo la liberad al aprehendido, intervino la [&hellip;]<\/p>\n","protected":false},"author":4,"featured_media":13369,"comment_status":"open","ping_status":"closed","sticky":false,"template":"","format":"standard","meta":{"om_disable_all_campaigns":false,"_jetpack_memberships_contains_paid_content":false,"footnotes":""},"categories":[2,103],"tags":[],"class_list":["post-15101","post","type-post","status-publish","format-standard","has-post-thumbnail","hentry","category-locales","category-policiales-locales"],"aioseo_notices":[],"gutentor_comment":0,"jetpack_featured_media_url":"https:\/\/eldiariodesanpedro.com.ar\/sitio\/wp-content\/uploads\/2017\/01\/Patrulla-1-e1485285915195.jpg","jetpack_shortlink":"https:\/\/wp.me\/p6RhLt-3Vz","jetpack_sharing_enabled":true,"_links":{"self":[{"href":"https:\/\/eldiariodesanpedro.com.ar\/sitio\/wp-json\/wp\/v2\/posts\/15101","targetHints":{"allow":["GET"]}}],"collection":[{"href":"https:\/\/eldiariodesanpedro.com.ar\/sitio\/wp-json\/wp\/v2\/posts"}],"about":[{"href":"https:\/\/eldiariodesanpedro.com.ar\/sitio\/wp-json\/wp\/v2\/types\/post"}],"author":[{"embeddable":true,"href":"https:\/\/eldiariodesanpedro.com.ar\/sitio\/wp-json\/wp\/v2\/users\/4"}],"replies":[{"embeddable":true,"href":"https:\/\/eldiariodesanpedro.com.ar\/sitio\/wp-json\/wp\/v2\/comments?post=15101"}],"version-history":[{"count":1,"href":"https:\/\/eldiariodesanpedro.com.ar\/sitio\/wp-json\/wp\/v2\/posts\/15101\/revisions"}],"predecessor-version":[{"id":15102,"href":"https:\/\/eldiariodesanpedro.com.ar\/sitio\/wp-json\/wp\/v2\/posts\/15101\/revisions\/15102"}],"wp:featuredmedia":[{"embeddable":true,"href":"https:\/\/eldiariodesanpedro.com.ar\/sitio\/wp-json\/wp\/v2\/media\/13369"}],"wp:attachment":[{"href":"https:\/\/eldiariodesanpedro.com.ar\/sitio\/wp-json\/wp\/v2\/media?parent=15101"}],"wp:term":[{"taxonomy":"category","embeddable":true,"href":"https:\/\/eldiariodesanpedro.com.ar\/sitio\/wp-json\/wp\/v2\/categories?post=15101"},{"taxonomy":"post_tag","embeddable":true,"href":"https:\/\/eldiariodesanpedro.com.ar\/sitio\/wp-json\/wp\/v2\/tags?post=15101"}],"curies":[{"name":"wp","href":"https:\/\/api.w.org\/{rel}","templated":true}]}}