{"id":15096,"date":"2017-02-20T21:27:27","date_gmt":"2017-02-21T00:27:27","guid":{"rendered":"https:\/\/eldiariodesanpedro.com.ar\/sitio\/?p=15096"},"modified":"2026-01-24T00:31:00","modified_gmt":"2026-01-24T03:31:00","slug":"federal-c-atletico-perdio-con-somisa-en-san-nicolas","status":"publish","type":"post","link":"https:\/\/eldiariodesanpedro.com.ar\/sitio\/federal-c-atletico-perdio-con-somisa-en-san-nicolas\/","title":{"rendered":"FEDERAL C: Atl\u00e9tico perdi\u00f3 con SOMISA en San Nicol\u00e1s"},"content":{"rendered":"<p><!-- VideographyWP Plugin Message: Automatic video embedding prevented by plugin options. --><br \/>\nEl equipo nicole\u00f1o logr\u00f3 su primera victoria como local en el Torneo Federal \u00abC\u00bb, al superar a Atl\u00e9tico Baradero por 1 a 0, con gol de Cristian P\u00e9rez a los 17 minutos.<\/p>\n<p><strong>S\u00edntesis<\/strong><\/p>\n<p><strong>Somisa:<\/strong> Thaiel Ponte; Cristian Carranza, Alejandro Slavin, Nicol\u00e1s Mal\u00edn y Emmanuel Ojeda; Nicol\u00e1s Lescano y Juan Tomasini; Nicanor Sawicz, Cristian Frontini y Cristian P\u00e9rez; Leandro Z\u00e1rate. DT. Walter Natali<\/p>\n<p><strong>Atl\u00e9tico Baradero:<\/strong> Luis G\u00f3mez; Hern\u00e1n Schallibaum, Walter Del R\u00edo, Leonel Camacho y Lucas Pulimeni; Agust\u00edn Moreira, Rodrigo Carreras, Gonzalo Mart\u00edn y Jes\u00fas Silva; Sergio Ortigoza y Maximiliano Luna. DT. Gustavo Fortunato<\/p>\n<p>Gol en el primer tiempo: 17m P\u00e9rez (S)<\/p>\n<p>Cambios: ST 23m Mart\u00edn Contrera por Tomasini (S), 24m Facundo Molina por Mart\u00edn (AB), 31m Maximiliano Chapuis por Pulimeni (AB), 33m Nicol\u00e1s Mazzuco por Carreras (AB), 42m Facundo Squilache y Sebasti\u00e1n Maggi por P\u00e9rez y Frontini (S)<\/p>\n<p>Arbitro: Marcos Vega<\/p>\n<p>Asistentes: Lucas Bruzzesi y Dami\u00e1n Bertolini (Liga de San Pedro)<\/p>\n<p>En el otro partido de la zona, Matienzo de Ramallo derrot\u00f3 a Pe\u00f1a Boca Jrs. en el Municipal de Arrecifes 2 a 1.<\/p>\n<p><strong>Posiciones<\/strong><\/p>\n<p>Matienzo 7<br \/>\nSOMISA 7<br \/>\nAtl\u00e9tico 3<br \/>\nPe\u00f1a BJ 0<\/p>\n<p><strong>Pr\u00f3xima fecha<\/strong><\/p>\n<p>Matienzo (R) vs Somisa (SN)<br \/>\nPe\u00f1a Boca Jrs (A) vs Atl\u00e9tico Baradero (B)<\/p>\n","protected":false},"excerpt":{"rendered":"<p>El equipo nicole\u00f1o logr\u00f3 su primera victoria como local en el Torneo Federal \u00abC\u00bb, al superar a Atl\u00e9tico Baradero por 1 a 0, con gol de Cristian P\u00e9rez a los 17 minutos. S\u00edntesis Somisa: Thaiel Ponte; Cristian Carranza, Alejandro Slavin, Nicol\u00e1s Mal\u00edn y Emmanuel Ojeda; Nicol\u00e1s Lescano y Juan Tomasini; Nicanor Sawicz, Cristian Frontini y [&hellip;]<\/p>\n","protected":false},"author":4,"featured_media":15099,"comment_status":"open","ping_status":"closed","sticky":false,"template":"","format":"standard","meta":{"om_disable_all_campaigns":false,"_jetpack_memberships_contains_paid_content":false,"footnotes":""},"categories":[5],"tags":[],"class_list":["post-15096","post","type-post","status-publish","format-standard","has-post-thumbnail","hentry","category-deportes"],"aioseo_notices":[],"gutentor_comment":0,"jetpack_featured_media_url":"https:\/\/eldiariodesanpedro.com.ar\/sitio\/wp-content\/uploads\/2017\/02\/Marcelo-Vega-junto-a-los-capitanes.jpg","jetpack_shortlink":"https:\/\/wp.me\/p6RhLt-3Vu","jetpack_sharing_enabled":true,"_links":{"self":[{"href":"https:\/\/eldiariodesanpedro.com.ar\/sitio\/wp-json\/wp\/v2\/posts\/15096","targetHints":{"allow":["GET"]}}],"collection":[{"href":"https:\/\/eldiariodesanpedro.com.ar\/sitio\/wp-json\/wp\/v2\/posts"}],"about":[{"href":"https:\/\/eldiariodesanpedro.com.ar\/sitio\/wp-json\/wp\/v2\/types\/post"}],"author":[{"embeddable":true,"href":"https:\/\/eldiariodesanpedro.com.ar\/sitio\/wp-json\/wp\/v2\/users\/4"}],"replies":[{"embeddable":true,"href":"https:\/\/eldiariodesanpedro.com.ar\/sitio\/wp-json\/wp\/v2\/comments?post=15096"}],"version-history":[{"count":2,"href":"https:\/\/eldiariodesanpedro.com.ar\/sitio\/wp-json\/wp\/v2\/posts\/15096\/revisions"}],"predecessor-version":[{"id":15100,"href":"https:\/\/eldiariodesanpedro.com.ar\/sitio\/wp-json\/wp\/v2\/posts\/15096\/revisions\/15100"}],"wp:featuredmedia":[{"embeddable":true,"href":"https:\/\/eldiariodesanpedro.com.ar\/sitio\/wp-json\/wp\/v2\/media\/15099"}],"wp:attachment":[{"href":"https:\/\/eldiariodesanpedro.com.ar\/sitio\/wp-json\/wp\/v2\/media?parent=15096"}],"wp:term":[{"taxonomy":"category","embeddable":true,"href":"https:\/\/eldiariodesanpedro.com.ar\/sitio\/wp-json\/wp\/v2\/categories?post=15096"},{"taxonomy":"post_tag","embeddable":true,"href":"https:\/\/eldiariodesanpedro.com.ar\/sitio\/wp-json\/wp\/v2\/tags?post=15096"}],"curies":[{"name":"wp","href":"https:\/\/api.w.org\/{rel}","templated":true}]}}