{"id":15094,"date":"2017-02-20T21:22:05","date_gmt":"2017-02-21T00:22:05","guid":{"rendered":"https:\/\/eldiariodesanpedro.com.ar\/sitio\/?p=15094"},"modified":"2026-01-24T00:31:00","modified_gmt":"2026-01-24T03:31:00","slug":"futbol-quinta-caida-de-san-roque-en-el-torneo-de-federacion-norte-de-futbol","status":"publish","type":"post","link":"https:\/\/eldiariodesanpedro.com.ar\/sitio\/futbol-quinta-caida-de-san-roque-en-el-torneo-de-federacion-norte-de-futbol\/","title":{"rendered":"FUTBOL: Quinta ca\u00edda de San Roque en el torneo de Federaci\u00f3n Norte de F\u00fatbol"},"content":{"rendered":"<p><!-- VideographyWP Plugin Message: Automatic video embedding prevented by plugin options. --><br \/>\nNueva derrota del representante local en la disputa de la quinta fecha del torneo de clubes 2017, Zona H, entre el \u00absanto\u00bb y Lima FBC de la liga zarate\u00f1a. Fue 4 a 1 y de esta manera no sum\u00f3 en lo que va del certamen. <\/p>\n<p>Estar\u00e1 cerrando su participaci\u00f3n el fin de semana pr\u00f3ximo cuando reciba a Social Obrero de Z\u00e1rate.<\/p>\n<p><strong>\u00c1rbitros locales dirigieron en la regi\u00f3n<\/strong><\/p>\n<p>Dos ternas de San Pedro en el torneo de clubes de Federaci\u00f3n Norte de F\u00fatbol<\/p>\n<p>Por la Copa Federaci\u00f3n 2017, Social Obrero de Z\u00e1rate 0 Atl\u00e9tico Pilar 5 (Mario Aguilar 2, Nahuel Palavecino, N\u00e9stor Bord\u00f3n y Julio Noble). Fue \u00e1rbitro Horacio Arias, con Daniel Guerrero y Agust\u00edn G\u00f3mez.<\/p>\n<p>En el estadio de Atl\u00e9tico Paran\u00e1, Argentino Oeste de San Nicol\u00e1s (Gonz\u00e1lez y Meza) le gan\u00f3 a Obras Sanitarias de Arrecifes (Ramos) por 2 a 1. La terna de San Pedro fue la encargada de dirigir en San Nicol\u00e1s, \u00e1rbitro Joaqu\u00edn Gil, asistentes Lucas Guerrero y Carlos Neyra.<\/p>\n<p>En San Nicol\u00e1s, por el torneo Federal C, Marcelo Vega junto a Lucas Bruzzesi y Dami\u00e1n Bertolini dirigieron SOMISA &#8211; Atl\u00e9tico Baradero.<\/p>\n","protected":false},"excerpt":{"rendered":"<p>Nueva derrota del representante local en la disputa de la quinta fecha del torneo de clubes 2017, Zona H, entre el \u00absanto\u00bb y Lima FBC de la liga zarate\u00f1a. Fue 4 a 1 y de esta manera no sum\u00f3 en lo que va del certamen. Estar\u00e1 cerrando su participaci\u00f3n el fin de semana pr\u00f3ximo cuando [&hellip;]<\/p>\n","protected":false},"author":4,"featured_media":11060,"comment_status":"open","ping_status":"closed","sticky":false,"template":"","format":"standard","meta":{"om_disable_all_campaigns":false,"_jetpack_memberships_contains_paid_content":false,"footnotes":""},"categories":[5],"tags":[],"class_list":["post-15094","post","type-post","status-publish","format-standard","has-post-thumbnail","hentry","category-deportes"],"aioseo_notices":[],"gutentor_comment":0,"jetpack_featured_media_url":"https:\/\/eldiariodesanpedro.com.ar\/sitio\/wp-content\/uploads\/2016\/12\/futbol-5.jpg","jetpack_shortlink":"https:\/\/wp.me\/p6RhLt-3Vs","jetpack_sharing_enabled":true,"_links":{"self":[{"href":"https:\/\/eldiariodesanpedro.com.ar\/sitio\/wp-json\/wp\/v2\/posts\/15094","targetHints":{"allow":["GET"]}}],"collection":[{"href":"https:\/\/eldiariodesanpedro.com.ar\/sitio\/wp-json\/wp\/v2\/posts"}],"about":[{"href":"https:\/\/eldiariodesanpedro.com.ar\/sitio\/wp-json\/wp\/v2\/types\/post"}],"author":[{"embeddable":true,"href":"https:\/\/eldiariodesanpedro.com.ar\/sitio\/wp-json\/wp\/v2\/users\/4"}],"replies":[{"embeddable":true,"href":"https:\/\/eldiariodesanpedro.com.ar\/sitio\/wp-json\/wp\/v2\/comments?post=15094"}],"version-history":[{"count":1,"href":"https:\/\/eldiariodesanpedro.com.ar\/sitio\/wp-json\/wp\/v2\/posts\/15094\/revisions"}],"predecessor-version":[{"id":15095,"href":"https:\/\/eldiariodesanpedro.com.ar\/sitio\/wp-json\/wp\/v2\/posts\/15094\/revisions\/15095"}],"wp:featuredmedia":[{"embeddable":true,"href":"https:\/\/eldiariodesanpedro.com.ar\/sitio\/wp-json\/wp\/v2\/media\/11060"}],"wp:attachment":[{"href":"https:\/\/eldiariodesanpedro.com.ar\/sitio\/wp-json\/wp\/v2\/media?parent=15094"}],"wp:term":[{"taxonomy":"category","embeddable":true,"href":"https:\/\/eldiariodesanpedro.com.ar\/sitio\/wp-json\/wp\/v2\/categories?post=15094"},{"taxonomy":"post_tag","embeddable":true,"href":"https:\/\/eldiariodesanpedro.com.ar\/sitio\/wp-json\/wp\/v2\/tags?post=15094"}],"curies":[{"name":"wp","href":"https:\/\/api.w.org\/{rel}","templated":true}]}}