{"id":15087,"date":"2017-02-20T21:16:42","date_gmt":"2017-02-21T00:16:42","guid":{"rendered":"https:\/\/eldiariodesanpedro.com.ar\/sitio\/?p=15087"},"modified":"2017-02-20T21:16:42","modified_gmt":"2017-02-21T00:16:42","slug":"ecuador-impaciencia-por-demora-en-resultados-de-las-presidenciales","status":"publish","type":"post","link":"https:\/\/eldiariodesanpedro.com.ar\/sitio\/ecuador-impaciencia-por-demora-en-resultados-de-las-presidenciales\/","title":{"rendered":"ECUADOR: Impaciencia por demora en resultados de las presidenciales"},"content":{"rendered":"<p><!-- VideographyWP Plugin Message: Automatic video embedding prevented by plugin options. --><br \/>\n(NA) &#8211; La demora en los resultados de las elecciones presidenciales del domingo gener\u00f3 este lunes impaciencia entre los opositores ecuatorianos, conscientes de que un balotaje les dar\u00eda m\u00e1s opciones para desbancar al corre\u00edsmo tras diez a\u00f1os en el poder.<\/p>\n<p>En los \u00faltimos recuentos oficiales parciales, con el 88,82% de los votos escrutados, el candidato oficialista de izquierda Len\u00edn Moreno segu\u00eda acerc\u00e1ndose lentamente a una victoria en primera vuelta, con un 39,12%, mientras que el ex banquero de derecha Guillermo Lasso registraba un 28,31%.<\/p>\n<p>Para ganar en primer turno, como lo hiciera el presidente saliente Rafael Correa en 2009 y 2013, se necesita un 40% de los votos v\u00e1lidos y una diferencia de diez puntos sobre el segundo.<\/p>\n<p>\u00abCreo que vamos a alcanzar ese 40%. Tengo datos que as\u00ed permiten presumir\u00bb, se\u00f1al\u00f3 Moreno en declaraciones a la prensa en Quito. Pero si hay segunda vuelta, prevista para el 2 de abril, \u00abla vamos a ganar\u00bb, asegur\u00f3.<\/p>\n<p>Si obtiene la victoria, Moreno se convertir\u00e1 en el primer ecuatoriano con discapacidad en asumir la presidencia, pues sufre una paraplejia consecuencia de un disparo en un asalto en 1998.<\/p>\n<p>\u00abEstamos en segunda vuelta\u00bb, celebr\u00f3 por su parte desde Guayaquil (suroeste) el candidato opositor, que augur\u00f3 \u00abuna gran victoria\u00bb.<\/p>\n<p>Pero los resultados definitivos de las presidenciales no llegar\u00e1n hasta dentro \u00abde tres d\u00edas\u00bb debido a anomal\u00edas en actas de votaci\u00f3n, seg\u00fan inform\u00f3 este lunes el Consejo Nacional Electoral (CNE).<\/p>\n<p>Su presidente Juan Pablo Pozo llam\u00f3 a los electores a \u00abesperar los resultados oficiales en un ambiente de paz, pues existen m\u00e1rgenes estrechos para definir si hay segunda vuelta\u00bb, cuando \u00abefectivamente se est\u00e1 peleando voto a voto el que exista o no\u00bb el balotaje.<\/p>\n<p> <strong>Apoyo en el balotaje <\/strong><\/p>\n<p>Desde la noche del domingo, a medida que el lento conteo oficial iba dibujando un escenario muy re\u00f1ido, centenas de simpatizantes de Lasso permanencen frente a la sede del ente electoral en Quito, en una vigilia para exigir transparencia en el conteo y denunciar un eventual fraude, lo que fue desmentido por la autoridad electoral.<\/p>\n<p>\u00abTiene que haber segunda vuelta. El que ganar\u00eda y le dar\u00eda largo ser\u00eda Lasso porque estamos cansados de Alianza Pa\u00eds, que han robado lo del petr\u00f3leo y la infinidad de impuestos que tenemos\u00bb, expres\u00f3 a la AFP entre gritos Gonzalo Reyes, un empleado de 56 a\u00f1os.<\/p>\n<p>Militares y polic\u00edas custodiaban el edificio del CNE, ubicado en el norte el Quito, donde se registraron peque\u00f1os roces con los manifestantes.<\/p>\n<p>Analistas advierten desde hace semanas que, aunque cuenta con una base s\u00f3lida de apoyo del 30%, el corre\u00edsmo est\u00e1 acusando el desgaste debido sobre todo a la delicada situaci\u00f3n econ\u00f3mica producto de la debacle en los precios del crudo y necesita imperiosamente una victoria en primera vuelta. <\/p>\n<p>En un balotaje, la oposici\u00f3n, encarnada por partidos de derecha y descontentos del corre\u00edsmo, podr\u00eda hacer frente com\u00fan, a pesar de que lleg\u00f3 a estos comicios completamente dividida.<\/p>\n<p>El domingo, tras saberse sin posibilidades de acceder al balotaje, la ex asamble\u00edsta Cynthia Viteri, tercera en los conteos con un 16,30%, pidi\u00f3 abiertamente el voto para Lasso y llam\u00f3 a sus partidarios a defender \u00abla segunda vuelta\u00bb en las calles. <\/p>\n<p>\u00abHemos recibido el apoyo de algunas fuerzas pol\u00edticas\u00bb, declar\u00f3 Lasso, que dijo que sus manos \u00abest\u00e1n extendidas\u00bb y propuso \u00abuna mesa de gobernabilidad abierta a todos los sectores de la sociedad\u00bb.<\/p>\n<p>Los resultados parciales de estas elecciones, en los que tambi\u00e9n se elige a 137 diputados y cinco parlamentarios andinos, a\u00fan no permiten confirmar si el corre\u00edsmo mantendr\u00e1 la mayor\u00eda de dos tercios en el Legislativo.<\/p>\n<p> <strong>Assange y la izquierda<\/strong><\/p>\n<p>El resultado de estas elecciones ser\u00e1 decisivo para el fundador de WikiLeaks, Julian Assange, asilado en la embajada de Ecuador en Londres desde 2012 para evitar su extradici\u00f3n a Suecia por supuestos delitos sexuales que \u00e9l niega.<\/p>\n<p>Moreno es partidario de mantener el asilo, pero Lasso dijo a la AFP que, de llegar al poder, se lo retirar\u00e1.<\/p>\n<p>\u00abLa embajada de Ecuador no es un hotel\u00bb, declar\u00f3 el candidato este lunes, al afirmar que respetando al derecho internacional \u00abrevisaremos el asilo\u00bb otorgado a Assange por el gobierno de Correa.<\/p>\n<p>Un triunfo de Lasso ser\u00eda adem\u00e1s un nuevo rev\u00e9s para la izquierda latinoamericana, muy golpeada tras el giro en Argentina, Brasil y Per\u00fa.<\/p>\n","protected":false},"excerpt":{"rendered":"<p>(NA) &#8211; La demora en los resultados de las elecciones presidenciales del domingo gener\u00f3 este lunes impaciencia entre los opositores ecuatorianos, conscientes de que un balotaje les dar\u00eda m\u00e1s opciones para desbancar al corre\u00edsmo tras diez a\u00f1os en el poder. En los \u00faltimos recuentos oficiales parciales, con el 88,82% de los votos escrutados, el candidato [&hellip;]<\/p>\n","protected":false},"author":4,"featured_media":15088,"comment_status":"open","ping_status":"closed","sticky":false,"template":"","format":"standard","meta":{"om_disable_all_campaigns":false,"_jetpack_memberships_contains_paid_content":false,"footnotes":""},"categories":[2],"tags":[],"class_list":["post-15087","post","type-post","status-publish","format-standard","has-post-thumbnail","hentry","category-locales"],"aioseo_notices":[],"gutentor_comment":0,"jetpack_featured_media_url":"https:\/\/eldiariodesanpedro.com.ar\/sitio\/wp-content\/uploads\/2017\/02\/Ecuador.jpg","jetpack_shortlink":"https:\/\/wp.me\/p6RhLt-3Vl","jetpack_sharing_enabled":true,"_links":{"self":[{"href":"https:\/\/eldiariodesanpedro.com.ar\/sitio\/wp-json\/wp\/v2\/posts\/15087","targetHints":{"allow":["GET"]}}],"collection":[{"href":"https:\/\/eldiariodesanpedro.com.ar\/sitio\/wp-json\/wp\/v2\/posts"}],"about":[{"href":"https:\/\/eldiariodesanpedro.com.ar\/sitio\/wp-json\/wp\/v2\/types\/post"}],"author":[{"embeddable":true,"href":"https:\/\/eldiariodesanpedro.com.ar\/sitio\/wp-json\/wp\/v2\/users\/4"}],"replies":[{"embeddable":true,"href":"https:\/\/eldiariodesanpedro.com.ar\/sitio\/wp-json\/wp\/v2\/comments?post=15087"}],"version-history":[{"count":1,"href":"https:\/\/eldiariodesanpedro.com.ar\/sitio\/wp-json\/wp\/v2\/posts\/15087\/revisions"}],"predecessor-version":[{"id":15089,"href":"https:\/\/eldiariodesanpedro.com.ar\/sitio\/wp-json\/wp\/v2\/posts\/15087\/revisions\/15089"}],"wp:featuredmedia":[{"embeddable":true,"href":"https:\/\/eldiariodesanpedro.com.ar\/sitio\/wp-json\/wp\/v2\/media\/15088"}],"wp:attachment":[{"href":"https:\/\/eldiariodesanpedro.com.ar\/sitio\/wp-json\/wp\/v2\/media?parent=15087"}],"wp:term":[{"taxonomy":"category","embeddable":true,"href":"https:\/\/eldiariodesanpedro.com.ar\/sitio\/wp-json\/wp\/v2\/categories?post=15087"},{"taxonomy":"post_tag","embeddable":true,"href":"https:\/\/eldiariodesanpedro.com.ar\/sitio\/wp-json\/wp\/v2\/tags?post=15087"}],"curies":[{"name":"wp","href":"https:\/\/api.w.org\/{rel}","templated":true}]}}