{"id":15075,"date":"2017-02-20T21:01:42","date_gmt":"2017-02-21T00:01:42","guid":{"rendered":"https:\/\/eldiariodesanpedro.com.ar\/sitio\/?p=15075"},"modified":"2026-01-23T23:20:21","modified_gmt":"2026-01-24T02:20:21","slug":"la-armada-rescato-a-un-velero-belga-en-el-canal-de-beagle","status":"publish","type":"post","link":"https:\/\/eldiariodesanpedro.com.ar\/sitio\/la-armada-rescato-a-un-velero-belga-en-el-canal-de-beagle\/","title":{"rendered":"La Armada rescat\u00f3 a un velero belga en el Canal de Beagle"},"content":{"rendered":"<p><!-- VideographyWP Plugin Message: Automatic video embedding prevented by plugin options. --><br \/>\n(T\u00e9lam) &#8211; La Armada Argentina rescat\u00f3 a un velero belga con un \u00fanico tripulante que se hab\u00eda declarado en emergencia en las aguas del Canal de Beagle, inform\u00f3 hoy el Ministerio de Defensa.<\/p>\n<p>La operaci\u00f3n de salvataje estuvo a cargo del buque ARA \u201cTeniente Olivieri\u201d, dependiente del Comando de la Flota de Mar, que ejerc\u00eda tareas de vigilancia y control cuando recibi\u00f3 el alerta.<\/p>\n<p>La nave rescatista zarp\u00f3 hacia la zona de Bah\u00eda Aguirre, en el extremo sudeste de la Pen\u00ednsula Mitre (Tierra del Fuego), donde se hab\u00eda registrado por \u00faltima vez la coordenada de la se\u00f1al del velero.<\/p>\n<p>Con el apoyo de embarcaciones menores, el buque de la Armada realiz\u00f3 una b\u00fasqueda en espiral y finalmente hall\u00f3 el velero con su tripulante, Alex Van Cauwenbergh, en proximidades de Puerto Espa\u00f1ol.<\/p>\n<p>El tripulante fue trasladado a Ushuaia, luego de que personal de enfermer\u00eda constat\u00f3 que se encontraba en perfecto estado de salud.<br \/>\nLa  embarcaci\u00f3n sufri\u00f3 da\u00f1os en el velamen y en la superestructura y la p\u00e9rdida del ancla por causa del temporal.<\/p>\n<p>El personal del Comando de Adiestramiento y Alistamiento de la Armada realiz\u00f3 el tr\u00e1mite para informar del resultado de la b\u00fasqueda a la Embajada de B\u00e9lgica.<\/p>\n","protected":false},"excerpt":{"rendered":"<p>(T\u00e9lam) &#8211; La Armada Argentina rescat\u00f3 a un velero belga con un \u00fanico tripulante que se hab\u00eda declarado en emergencia en las aguas del Canal de Beagle, inform\u00f3 hoy el Ministerio de Defensa. La operaci\u00f3n de salvataje estuvo a cargo del buque ARA \u201cTeniente Olivieri\u201d, dependiente del Comando de la Flota de Mar, que ejerc\u00eda [&hellip;]<\/p>\n","protected":false},"author":4,"featured_media":15076,"comment_status":"open","ping_status":"closed","sticky":false,"template":"","format":"standard","meta":{"om_disable_all_campaigns":false,"_jetpack_memberships_contains_paid_content":false,"footnotes":""},"categories":[3],"tags":[],"class_list":["post-15075","post","type-post","status-publish","format-standard","has-post-thumbnail","hentry","category-nacionales"],"aioseo_notices":[],"gutentor_comment":0,"jetpack_featured_media_url":"https:\/\/eldiariodesanpedro.com.ar\/sitio\/wp-content\/uploads\/2017\/02\/Rescate.jpg","jetpack_shortlink":"https:\/\/wp.me\/p6RhLt-3V9","jetpack_sharing_enabled":true,"_links":{"self":[{"href":"https:\/\/eldiariodesanpedro.com.ar\/sitio\/wp-json\/wp\/v2\/posts\/15075","targetHints":{"allow":["GET"]}}],"collection":[{"href":"https:\/\/eldiariodesanpedro.com.ar\/sitio\/wp-json\/wp\/v2\/posts"}],"about":[{"href":"https:\/\/eldiariodesanpedro.com.ar\/sitio\/wp-json\/wp\/v2\/types\/post"}],"author":[{"embeddable":true,"href":"https:\/\/eldiariodesanpedro.com.ar\/sitio\/wp-json\/wp\/v2\/users\/4"}],"replies":[{"embeddable":true,"href":"https:\/\/eldiariodesanpedro.com.ar\/sitio\/wp-json\/wp\/v2\/comments?post=15075"}],"version-history":[{"count":1,"href":"https:\/\/eldiariodesanpedro.com.ar\/sitio\/wp-json\/wp\/v2\/posts\/15075\/revisions"}],"predecessor-version":[{"id":15077,"href":"https:\/\/eldiariodesanpedro.com.ar\/sitio\/wp-json\/wp\/v2\/posts\/15075\/revisions\/15077"}],"wp:featuredmedia":[{"embeddable":true,"href":"https:\/\/eldiariodesanpedro.com.ar\/sitio\/wp-json\/wp\/v2\/media\/15076"}],"wp:attachment":[{"href":"https:\/\/eldiariodesanpedro.com.ar\/sitio\/wp-json\/wp\/v2\/media?parent=15075"}],"wp:term":[{"taxonomy":"category","embeddable":true,"href":"https:\/\/eldiariodesanpedro.com.ar\/sitio\/wp-json\/wp\/v2\/categories?post=15075"},{"taxonomy":"post_tag","embeddable":true,"href":"https:\/\/eldiariodesanpedro.com.ar\/sitio\/wp-json\/wp\/v2\/tags?post=15075"}],"curies":[{"name":"wp","href":"https:\/\/api.w.org\/{rel}","templated":true}]}}