{"id":15069,"date":"2017-02-20T20:53:23","date_gmt":"2017-02-20T23:53:23","guid":{"rendered":"https:\/\/eldiariodesanpedro.com.ar\/sitio\/?p=15069"},"modified":"2017-02-20T20:53:23","modified_gmt":"2017-02-20T23:53:23","slug":"se-llevo-a-cabo-el-131o-aniversario-de-villa-ramallo","status":"publish","type":"post","link":"https:\/\/eldiariodesanpedro.com.ar\/sitio\/se-llevo-a-cabo-el-131o-aniversario-de-villa-ramallo\/","title":{"rendered":"Se Llev\u00f3 a Cabo el 131\u00ba Aniversario de Villa Ramallo"},"content":{"rendered":"<p><!-- VideographyWP Plugin Message: Automatic video embedding prevented by plugin options. --><br \/>\nCon M\u00fasica en Vivo, Ferias de Artesanos, Reconocimientos a Deportistas y Muestra en Homenaje a la Atleta Paraol\u00edmpica Cristina Benedetti. Desde las 19:00 del domingo se realizaron los festejos por el Aniversario de Villa Ramallo con gran afluencia de p\u00fablico y espect\u00e1culos variados. A medida que ca\u00eda el sol los vecinos de todo el Partido de Ramallo y visitantes en general se fueron acercando a la peatonal. Algunos se ubicaron en bares y restaurantes y otros prefirieron estar cerca del escenario central con sus reposeras o simplemente de pie. Fue una jornada distendida, familiar y muy festiva. Por un lado en el Auditorio Libertador se realizaba la muestra en Homenaje a la atleta paraol\u00edmpica Cristina Benedetti con exposici\u00f3n de fotos, diplomas y medallas cuyos familiares fueron homenajeados en el escenario central en agradecimiento a su amplia trayectoria deportiva a nivel mundial. Particip\u00f3 de varios Juegos Panamericanos y represent\u00f3 a nuestro pa\u00eds en Alemania 1972 y Se\u00fal 1988.<\/p>\n<p>Por el otro, en el escenario central se presentaban los valores locales brindando su m\u00fasica y canto. Tambi\u00e9n se otorgaron reconocimientos a cada uno de los deportistas de elite que se destacan en diferentes destrezas.<\/p>\n<p>Sobre la peatonal se distribu\u00edan los puestos de artesanos con una variada oferta para todos los gustos. Tambi\u00e9n actividades recreativas para los m\u00e1s chiquitos con un sector para dibujar y pintar; y otro sector con cama el\u00e1stica y juegos inflables.<\/p>\n<p>Fue una noche ideal donde las familias pudieron disfrutar de una jornada diferente acompa\u00f1ando los festejos por un nuevo aniversario de la ciudad de Villa Ramallo.<\/p>\n","protected":false},"excerpt":{"rendered":"<p>Con M\u00fasica en Vivo, Ferias de Artesanos, Reconocimientos a Deportistas y Muestra en Homenaje a la Atleta Paraol\u00edmpica Cristina Benedetti. Desde las 19:00 del domingo se realizaron los festejos por el Aniversario de Villa Ramallo con gran afluencia de p\u00fablico y espect\u00e1culos variados. A medida que ca\u00eda el sol los vecinos de todo el Partido [&hellip;]<\/p>\n","protected":false},"author":4,"featured_media":15070,"comment_status":"open","ping_status":"closed","sticky":false,"template":"","format":"standard","meta":{"om_disable_all_campaigns":false,"_jetpack_memberships_contains_paid_content":false,"footnotes":""},"categories":[621],"tags":[],"class_list":["post-15069","post","type-post","status-publish","format-standard","has-post-thumbnail","hentry","category-regionales"],"aioseo_notices":[],"gutentor_comment":0,"jetpack_featured_media_url":"https:\/\/eldiariodesanpedro.com.ar\/sitio\/wp-content\/uploads\/2017\/02\/En-el-escenario-hubo-m\u00fasica-en-vivo.jpg","jetpack_shortlink":"https:\/\/wp.me\/p6RhLt-3V3","jetpack_sharing_enabled":true,"_links":{"self":[{"href":"https:\/\/eldiariodesanpedro.com.ar\/sitio\/wp-json\/wp\/v2\/posts\/15069","targetHints":{"allow":["GET"]}}],"collection":[{"href":"https:\/\/eldiariodesanpedro.com.ar\/sitio\/wp-json\/wp\/v2\/posts"}],"about":[{"href":"https:\/\/eldiariodesanpedro.com.ar\/sitio\/wp-json\/wp\/v2\/types\/post"}],"author":[{"embeddable":true,"href":"https:\/\/eldiariodesanpedro.com.ar\/sitio\/wp-json\/wp\/v2\/users\/4"}],"replies":[{"embeddable":true,"href":"https:\/\/eldiariodesanpedro.com.ar\/sitio\/wp-json\/wp\/v2\/comments?post=15069"}],"version-history":[{"count":1,"href":"https:\/\/eldiariodesanpedro.com.ar\/sitio\/wp-json\/wp\/v2\/posts\/15069\/revisions"}],"predecessor-version":[{"id":15071,"href":"https:\/\/eldiariodesanpedro.com.ar\/sitio\/wp-json\/wp\/v2\/posts\/15069\/revisions\/15071"}],"wp:featuredmedia":[{"embeddable":true,"href":"https:\/\/eldiariodesanpedro.com.ar\/sitio\/wp-json\/wp\/v2\/media\/15070"}],"wp:attachment":[{"href":"https:\/\/eldiariodesanpedro.com.ar\/sitio\/wp-json\/wp\/v2\/media?parent=15069"}],"wp:term":[{"taxonomy":"category","embeddable":true,"href":"https:\/\/eldiariodesanpedro.com.ar\/sitio\/wp-json\/wp\/v2\/categories?post=15069"},{"taxonomy":"post_tag","embeddable":true,"href":"https:\/\/eldiariodesanpedro.com.ar\/sitio\/wp-json\/wp\/v2\/tags?post=15069"}],"curies":[{"name":"wp","href":"https:\/\/api.w.org\/{rel}","templated":true}]}}