{"id":15066,"date":"2017-02-20T20:51:25","date_gmt":"2017-02-20T23:51:25","guid":{"rendered":"https:\/\/eldiariodesanpedro.com.ar\/sitio\/?p=15066"},"modified":"2017-02-20T20:51:25","modified_gmt":"2017-02-20T23:51:25","slug":"san-nicolas-ensancharan-el-zanjon-la-verde-para-evitar-inundaciones-a-la-vera-de-ruta-188","status":"publish","type":"post","link":"https:\/\/eldiariodesanpedro.com.ar\/sitio\/san-nicolas-ensancharan-el-zanjon-la-verde-para-evitar-inundaciones-a-la-vera-de-ruta-188\/","title":{"rendered":"SAN NICOL\u00c1S: Ensanchar\u00e1n el zanj\u00f3n La Verde para evitar inundaciones a la vera de Ruta 188"},"content":{"rendered":"<p><!-- VideographyWP Plugin Message: Automatic video embedding prevented by plugin options. --><br \/>\nEn los pr\u00f3ximos d\u00edas el municipio dar\u00e1 inicio a una obra que tiene por objeto aliviar la situaci\u00f3n de los barrios que se ubican a la vera de la RN 188 toda vez que grandes caudales de agua bajan de campos arriba. Se trata del ensanchamiento del zanj\u00f3n La Verde, un cauce que se extiende desde Er\u00e9zcano hasta el kil\u00f3metro 13 de la RN188, y que contin\u00faa su recorrido hasta desembocar en el Arroyo del Medio.<\/p>\n<p>La verde es la principal protecci\u00f3n hidr\u00e1ulica del Partido de San Nicol\u00e1s contra las aguas que bajan desde Pergamino. Se trata de un desag\u00fce natural de 8,7 kil\u00f3metros de extensi\u00f3n, aproximadamente, que se fue ensanchando artificialmente para favorecer el escurrimiento de las aguas. Lo que anunci\u00f3 el Ejecutivo ahora es el ensanchamiento del cauce, y el levantamiento del terrapl\u00e9n para contener el agua que invade la ruta toda vez que el cauce se desborda.<\/p>\n<p>\u201cEl proyecto ya est\u00e1 terminado, por lo que no queda m\u00e1s que poner manos a la obra\u201d, se\u00f1al\u00f3 el intendente Ismael Passaglia. \u201cEl zanj\u00f3n La verde se va a ensanchar un m\u00ednimo de 12 metros. La tierra que se saque de all\u00ed ser\u00e1 utilizada para levantar las paredes de manera que sirva de terrapl\u00e9n\u201d, apunt\u00f3 el intendente Ismael Passaglia. (Diario El Norte)<\/p>\n","protected":false},"excerpt":{"rendered":"<p>En los pr\u00f3ximos d\u00edas el municipio dar\u00e1 inicio a una obra que tiene por objeto aliviar la situaci\u00f3n de los barrios que se ubican a la vera de la RN 188 toda vez que grandes caudales de agua bajan de campos arriba. Se trata del ensanchamiento del zanj\u00f3n La Verde, un cauce que se extiende [&hellip;]<\/p>\n","protected":false},"author":4,"featured_media":15067,"comment_status":"open","ping_status":"closed","sticky":false,"template":"","format":"standard","meta":{"om_disable_all_campaigns":false,"_jetpack_memberships_contains_paid_content":false,"footnotes":""},"categories":[621],"tags":[],"class_list":["post-15066","post","type-post","status-publish","format-standard","has-post-thumbnail","hentry","category-regionales"],"aioseo_notices":[],"gutentor_comment":0,"jetpack_featured_media_url":"https:\/\/eldiariodesanpedro.com.ar\/sitio\/wp-content\/uploads\/2017\/02\/zanjon-la-verde.jpg","jetpack_shortlink":"https:\/\/wp.me\/p6RhLt-3V0","jetpack_sharing_enabled":true,"_links":{"self":[{"href":"https:\/\/eldiariodesanpedro.com.ar\/sitio\/wp-json\/wp\/v2\/posts\/15066","targetHints":{"allow":["GET"]}}],"collection":[{"href":"https:\/\/eldiariodesanpedro.com.ar\/sitio\/wp-json\/wp\/v2\/posts"}],"about":[{"href":"https:\/\/eldiariodesanpedro.com.ar\/sitio\/wp-json\/wp\/v2\/types\/post"}],"author":[{"embeddable":true,"href":"https:\/\/eldiariodesanpedro.com.ar\/sitio\/wp-json\/wp\/v2\/users\/4"}],"replies":[{"embeddable":true,"href":"https:\/\/eldiariodesanpedro.com.ar\/sitio\/wp-json\/wp\/v2\/comments?post=15066"}],"version-history":[{"count":1,"href":"https:\/\/eldiariodesanpedro.com.ar\/sitio\/wp-json\/wp\/v2\/posts\/15066\/revisions"}],"predecessor-version":[{"id":15068,"href":"https:\/\/eldiariodesanpedro.com.ar\/sitio\/wp-json\/wp\/v2\/posts\/15066\/revisions\/15068"}],"wp:featuredmedia":[{"embeddable":true,"href":"https:\/\/eldiariodesanpedro.com.ar\/sitio\/wp-json\/wp\/v2\/media\/15067"}],"wp:attachment":[{"href":"https:\/\/eldiariodesanpedro.com.ar\/sitio\/wp-json\/wp\/v2\/media?parent=15066"}],"wp:term":[{"taxonomy":"category","embeddable":true,"href":"https:\/\/eldiariodesanpedro.com.ar\/sitio\/wp-json\/wp\/v2\/categories?post=15066"},{"taxonomy":"post_tag","embeddable":true,"href":"https:\/\/eldiariodesanpedro.com.ar\/sitio\/wp-json\/wp\/v2\/tags?post=15066"}],"curies":[{"name":"wp","href":"https:\/\/api.w.org\/{rel}","templated":true}]}}