{"id":15063,"date":"2017-02-20T20:45:49","date_gmt":"2017-02-20T23:45:49","guid":{"rendered":"https:\/\/eldiariodesanpedro.com.ar\/sitio\/?p=15063"},"modified":"2017-02-20T20:45:49","modified_gmt":"2017-02-20T23:45:49","slug":"designaron-a-dos-efectivos-de-la-policia-local-para-santa-lucia","status":"publish","type":"post","link":"https:\/\/eldiariodesanpedro.com.ar\/sitio\/designaron-a-dos-efectivos-de-la-policia-local-para-santa-lucia\/","title":{"rendered":"Designaron a dos efectivos de la polic\u00eda local para Santa Luc\u00eda"},"content":{"rendered":"<p><!-- VideographyWP Plugin Message: Automatic video embedding prevented by plugin options. --><br \/>\nCon la vuelta de lo efectivos que se estaban desempe\u00f1ando en el Operativo Sol se dio cumplimiento a una demanda de los vecinos de la localidad. Cabe recordar que ante los sucesivos hechos de inseguridad, uno de los requerimientos a las autoridades fue que se mejorara el trabajo preventivo. Para ello, primero se dot\u00f3 a la polic\u00eda de seguridad del destacamento, de un m\u00f3vil policial y ahora se ha designado dos agentes de la Polic\u00eda Local para que se desempe\u00f1en en Santa Luc\u00eda.<\/p>\n<p>\u201cEste lunes se sumaron dos agentes de la Polic\u00eda Local a los uniformados que ya prestaban servicio en Santa Luc\u00eda\u201d, comunicaron desde el municipio.<\/p>\n<p>Y agregaron: \u201cDe esta manera, junto al patrullero que fue entregado semanas atr\u00e1s, el municipio complementa y mejora la seguridad en la localidad. Los oficiales fueron presentados por el Director de Coordinaci\u00f3n Policial Carlos Ag\u00fcero\u201d.<\/p>\n<p><strong>Trece polic\u00edas m\u00e1s<\/strong> <\/p>\n<p>Se trata los cadetes que en diciembre no hab\u00edan podido finalizar el cursado junto con el resto en diciembre pasado.<\/p>\n<p>\u201cEste lunes, en un sencillo acto, el Intendente Cecilio Salazar recibi\u00f3 a 13 efectivos de la Polic\u00eda Local a los que les entreg\u00f3 sus respectivos diplomas. Se trata de aquellos a los que por cuestiones administrativas no se les pudo entregar en diciembre\u201d, expresaron desde la municipalidad.<\/p>\n<p>\u201cCon estos, son 85 los agentes que recorren las calles de nuestra ciudad\u201d, finalizaron el comunicado.<\/p>\n","protected":false},"excerpt":{"rendered":"<p>Con la vuelta de lo efectivos que se estaban desempe\u00f1ando en el Operativo Sol se dio cumplimiento a una demanda de los vecinos de la localidad. Cabe recordar que ante los sucesivos hechos de inseguridad, uno de los requerimientos a las autoridades fue que se mejorara el trabajo preventivo. Para ello, primero se dot\u00f3 a [&hellip;]<\/p>\n","protected":false},"author":4,"featured_media":15064,"comment_status":"open","ping_status":"closed","sticky":false,"template":"","format":"standard","meta":{"om_disable_all_campaigns":false,"_jetpack_memberships_contains_paid_content":false,"footnotes":""},"categories":[2,103],"tags":[],"class_list":["post-15063","post","type-post","status-publish","format-standard","has-post-thumbnail","hentry","category-locales","category-policiales-locales"],"aioseo_notices":[],"gutentor_comment":0,"jetpack_featured_media_url":"https:\/\/eldiariodesanpedro.com.ar\/sitio\/wp-content\/uploads\/2017\/02\/Los-nuevos-efectivos-que-comenzaron-a-desempe\u00f1arse-en-la-localidad.jpg","jetpack_shortlink":"https:\/\/wp.me\/p6RhLt-3UX","jetpack_sharing_enabled":true,"_links":{"self":[{"href":"https:\/\/eldiariodesanpedro.com.ar\/sitio\/wp-json\/wp\/v2\/posts\/15063","targetHints":{"allow":["GET"]}}],"collection":[{"href":"https:\/\/eldiariodesanpedro.com.ar\/sitio\/wp-json\/wp\/v2\/posts"}],"about":[{"href":"https:\/\/eldiariodesanpedro.com.ar\/sitio\/wp-json\/wp\/v2\/types\/post"}],"author":[{"embeddable":true,"href":"https:\/\/eldiariodesanpedro.com.ar\/sitio\/wp-json\/wp\/v2\/users\/4"}],"replies":[{"embeddable":true,"href":"https:\/\/eldiariodesanpedro.com.ar\/sitio\/wp-json\/wp\/v2\/comments?post=15063"}],"version-history":[{"count":1,"href":"https:\/\/eldiariodesanpedro.com.ar\/sitio\/wp-json\/wp\/v2\/posts\/15063\/revisions"}],"predecessor-version":[{"id":15065,"href":"https:\/\/eldiariodesanpedro.com.ar\/sitio\/wp-json\/wp\/v2\/posts\/15063\/revisions\/15065"}],"wp:featuredmedia":[{"embeddable":true,"href":"https:\/\/eldiariodesanpedro.com.ar\/sitio\/wp-json\/wp\/v2\/media\/15064"}],"wp:attachment":[{"href":"https:\/\/eldiariodesanpedro.com.ar\/sitio\/wp-json\/wp\/v2\/media?parent=15063"}],"wp:term":[{"taxonomy":"category","embeddable":true,"href":"https:\/\/eldiariodesanpedro.com.ar\/sitio\/wp-json\/wp\/v2\/categories?post=15063"},{"taxonomy":"post_tag","embeddable":true,"href":"https:\/\/eldiariodesanpedro.com.ar\/sitio\/wp-json\/wp\/v2\/tags?post=15063"}],"curies":[{"name":"wp","href":"https:\/\/api.w.org\/{rel}","templated":true}]}}