{"id":15061,"date":"2017-02-20T20:43:28","date_gmt":"2017-02-20T23:43:28","guid":{"rendered":"https:\/\/eldiariodesanpedro.com.ar\/sitio\/?p=15061"},"modified":"2017-02-20T20:43:28","modified_gmt":"2017-02-20T23:43:28","slug":"delincuente-sorprendio-a-una-mujer-y-le-robo-200-pesos","status":"publish","type":"post","link":"https:\/\/eldiariodesanpedro.com.ar\/sitio\/delincuente-sorprendio-a-una-mujer-y-le-robo-200-pesos\/","title":{"rendered":"Delincuente sorprendi\u00f3 a una mujer y le rob\u00f3 200 pesos"},"content":{"rendered":"<p><!-- VideographyWP Plugin Message: Automatic video embedding prevented by plugin options. --><br \/>\nEl il\u00edcito ocurri\u00f3 en la ma\u00f1ana de hoy, cerca de las 8 hs., en una vivienda de Litoral al 900. Una mujer de 69 que se encontraba en la vereda de su domicilio, fue abordada por un malviviente que se dirig\u00eda en moto. El mismo la increp\u00f3 y la oblig\u00f3 a ingresar a casa por la fuerza. Luego de hacerse de 200 pesos y efectos personales, se dio a la fuga.<\/p>\n<p>Intervino la UFI N\u00ba 11 que instruy\u00f3 a la Polic\u00eda Cient\u00edfica que realice los peritajes en el lugar.<\/p>\n","protected":false},"excerpt":{"rendered":"<p>El il\u00edcito ocurri\u00f3 en la ma\u00f1ana de hoy, cerca de las 8 hs., en una vivienda de Litoral al 900. Una mujer de 69 que se encontraba en la vereda de su domicilio, fue abordada por un malviviente que se dirig\u00eda en moto. El mismo la increp\u00f3 y la oblig\u00f3 a ingresar a casa por [&hellip;]<\/p>\n","protected":false},"author":4,"featured_media":6410,"comment_status":"open","ping_status":"closed","sticky":false,"template":"","format":"standard","meta":{"om_disable_all_campaigns":false,"_jetpack_memberships_contains_paid_content":false,"footnotes":""},"categories":[2,103],"tags":[],"class_list":["post-15061","post","type-post","status-publish","format-standard","has-post-thumbnail","hentry","category-locales","category-policiales-locales"],"aioseo_notices":[],"gutentor_comment":0,"jetpack_featured_media_url":"https:\/\/eldiariodesanpedro.com.ar\/sitio\/wp-content\/uploads\/2016\/07\/policia-local-etios.jpg","jetpack_shortlink":"https:\/\/wp.me\/p6RhLt-3UV","jetpack_sharing_enabled":true,"_links":{"self":[{"href":"https:\/\/eldiariodesanpedro.com.ar\/sitio\/wp-json\/wp\/v2\/posts\/15061","targetHints":{"allow":["GET"]}}],"collection":[{"href":"https:\/\/eldiariodesanpedro.com.ar\/sitio\/wp-json\/wp\/v2\/posts"}],"about":[{"href":"https:\/\/eldiariodesanpedro.com.ar\/sitio\/wp-json\/wp\/v2\/types\/post"}],"author":[{"embeddable":true,"href":"https:\/\/eldiariodesanpedro.com.ar\/sitio\/wp-json\/wp\/v2\/users\/4"}],"replies":[{"embeddable":true,"href":"https:\/\/eldiariodesanpedro.com.ar\/sitio\/wp-json\/wp\/v2\/comments?post=15061"}],"version-history":[{"count":1,"href":"https:\/\/eldiariodesanpedro.com.ar\/sitio\/wp-json\/wp\/v2\/posts\/15061\/revisions"}],"predecessor-version":[{"id":15062,"href":"https:\/\/eldiariodesanpedro.com.ar\/sitio\/wp-json\/wp\/v2\/posts\/15061\/revisions\/15062"}],"wp:featuredmedia":[{"embeddable":true,"href":"https:\/\/eldiariodesanpedro.com.ar\/sitio\/wp-json\/wp\/v2\/media\/6410"}],"wp:attachment":[{"href":"https:\/\/eldiariodesanpedro.com.ar\/sitio\/wp-json\/wp\/v2\/media?parent=15061"}],"wp:term":[{"taxonomy":"category","embeddable":true,"href":"https:\/\/eldiariodesanpedro.com.ar\/sitio\/wp-json\/wp\/v2\/categories?post=15061"},{"taxonomy":"post_tag","embeddable":true,"href":"https:\/\/eldiariodesanpedro.com.ar\/sitio\/wp-json\/wp\/v2\/tags?post=15061"}],"curies":[{"name":"wp","href":"https:\/\/api.w.org\/{rel}","templated":true}]}}