{"id":15058,"date":"2017-02-20T20:40:31","date_gmt":"2017-02-20T23:40:31","guid":{"rendered":"https:\/\/eldiariodesanpedro.com.ar\/sitio\/?p=15058"},"modified":"2017-02-20T20:40:31","modified_gmt":"2017-02-20T23:40:31","slug":"un-sujeto-hirio-a-otro-con-un-arma-blanca","status":"publish","type":"post","link":"https:\/\/eldiariodesanpedro.com.ar\/sitio\/un-sujeto-hirio-a-otro-con-un-arma-blanca\/","title":{"rendered":"Un sujeto hiri\u00f3 a otro con un arma blanca"},"content":{"rendered":"<p><!-- VideographyWP Plugin Message: Automatic video embedding prevented by plugin options. --><br \/>\nIngres\u00f3 a la guardia del Hospital, el domingo por la tarde un joven de 22 a\u00f1os que hab\u00eda sido herido por un arma blanca. El hecho se produjo en Hermano Indio y Balcarce, cuando un sujeto abord\u00f3 a la v\u00edctima por problemas personales. Se produjo en principio una discusi\u00f3n y el agresor extrajo desde sus prendas un cuchillo y le produjo un \u201cpuntazo\u201d en el abdomen, para luego darse r\u00e1pidamente a la fuga.<\/p>\n<p>En el nosocomio se pudo constatar que el paciente presenta una herida punzo cortante en la regi\u00f3n abdominal sin compromiso de \u00f3rganos vitales. Fueron caratuladas como \u201cleves\u201d por la UFI N\u00ba 11.<\/p>\n","protected":false},"excerpt":{"rendered":"<p>Ingres\u00f3 a la guardia del Hospital, el domingo por la tarde un joven de 22 a\u00f1os que hab\u00eda sido herido por un arma blanca. El hecho se produjo en Hermano Indio y Balcarce, cuando un sujeto abord\u00f3 a la v\u00edctima por problemas personales. Se produjo en principio una discusi\u00f3n y el agresor extrajo desde sus [&hellip;]<\/p>\n","protected":false},"author":4,"featured_media":15059,"comment_status":"open","ping_status":"closed","sticky":false,"template":"","format":"standard","meta":{"om_disable_all_campaigns":false,"_jetpack_memberships_contains_paid_content":false,"footnotes":""},"categories":[2,103],"tags":[],"class_list":["post-15058","post","type-post","status-publish","format-standard","has-post-thumbnail","hentry","category-locales","category-policiales-locales"],"aioseo_notices":[],"gutentor_comment":0,"jetpack_featured_media_url":"https:\/\/eldiariodesanpedro.com.ar\/sitio\/wp-content\/uploads\/2017\/02\/cuchillo.jpg","jetpack_shortlink":"https:\/\/wp.me\/p6RhLt-3US","jetpack_sharing_enabled":true,"_links":{"self":[{"href":"https:\/\/eldiariodesanpedro.com.ar\/sitio\/wp-json\/wp\/v2\/posts\/15058","targetHints":{"allow":["GET"]}}],"collection":[{"href":"https:\/\/eldiariodesanpedro.com.ar\/sitio\/wp-json\/wp\/v2\/posts"}],"about":[{"href":"https:\/\/eldiariodesanpedro.com.ar\/sitio\/wp-json\/wp\/v2\/types\/post"}],"author":[{"embeddable":true,"href":"https:\/\/eldiariodesanpedro.com.ar\/sitio\/wp-json\/wp\/v2\/users\/4"}],"replies":[{"embeddable":true,"href":"https:\/\/eldiariodesanpedro.com.ar\/sitio\/wp-json\/wp\/v2\/comments?post=15058"}],"version-history":[{"count":1,"href":"https:\/\/eldiariodesanpedro.com.ar\/sitio\/wp-json\/wp\/v2\/posts\/15058\/revisions"}],"predecessor-version":[{"id":15060,"href":"https:\/\/eldiariodesanpedro.com.ar\/sitio\/wp-json\/wp\/v2\/posts\/15058\/revisions\/15060"}],"wp:featuredmedia":[{"embeddable":true,"href":"https:\/\/eldiariodesanpedro.com.ar\/sitio\/wp-json\/wp\/v2\/media\/15059"}],"wp:attachment":[{"href":"https:\/\/eldiariodesanpedro.com.ar\/sitio\/wp-json\/wp\/v2\/media?parent=15058"}],"wp:term":[{"taxonomy":"category","embeddable":true,"href":"https:\/\/eldiariodesanpedro.com.ar\/sitio\/wp-json\/wp\/v2\/categories?post=15058"},{"taxonomy":"post_tag","embeddable":true,"href":"https:\/\/eldiariodesanpedro.com.ar\/sitio\/wp-json\/wp\/v2\/tags?post=15058"}],"curies":[{"name":"wp","href":"https:\/\/api.w.org\/{rel}","templated":true}]}}