{"id":15053,"date":"2017-02-20T20:30:51","date_gmt":"2017-02-20T23:30:51","guid":{"rendered":"https:\/\/eldiariodesanpedro.com.ar\/sitio\/?p=15053"},"modified":"2026-01-24T00:39:11","modified_gmt":"2026-01-24T03:39:11","slug":"las-jubilaciones-pensiones-y-aaff-aumentaran-1296-desde-el-1-de-marzo","status":"publish","type":"post","link":"https:\/\/eldiariodesanpedro.com.ar\/sitio\/las-jubilaciones-pensiones-y-aaff-aumentaran-1296-desde-el-1-de-marzo\/","title":{"rendered":"Las jubilaciones, pensiones y AAFF aumentar\u00e1n 12,96% desde el 1\u00b0 de marzo"},"content":{"rendered":"<p><!-- VideographyWP Plugin Message: Automatic video embedding prevented by plugin options. --><br \/>\nLa ANSES informa que a partir del 1\u00ba de marzo m\u00e1s de 8,4 millones de titulares de derecho recibir\u00e1n un aumento en sus haberes del 12,96%: 6,9 millones de ellos son jubilados y pensionados y 1,5 millones son titulares de Pensiones No Contributivas (PNC) y excombatientes de Malvinas. Adem\u00e1s, y a partir de la sanci\u00f3n de la ley 27.160 en 2015, el incremento tambi\u00e9n ser\u00e1 aplicado a las Asignaciones Familiares (AAFF).<\/p>\n<p>En tanto, el monto de Asignaci\u00f3n Universal por Hijo (AUH) ascender\u00e1 de $1103 a $1246, favoreciendo en forma directa a m\u00e1s de 3,9 millones de ni\u00f1os. Tambi\u00e9n se eleva el valor de la Ayuda Escolar Anual a $1043 por hijo.<\/p>\n<p>Los nuevos montos y los rangos de ingreso del grupo familiar para las AAFF para trabajadores formales, jubilados y pensionados est\u00e1n publicados en la web del organismo www.anses.gob.ar.<\/p>\n<p>La medida significa una inversi\u00f3n social anual por parte del Estado Nacional de $122.140 millones, de los cuales $105.132 millones se destinan a jubilaciones y pensiones y $17.008 millones a las AAFF.<\/p>\n<p><strong>Grupos de pago para ma\u00f1ana:<\/strong><\/p>\n<p>Jubilados y pensionados cuyos haberes superan la suma de $6432 y sus documentos terminan en 2 y 3.<\/p>\n<p><em>Los calendarios de pagos de todas las prestaciones pueden consultarse en www.anses.gob.ar. <\/em><\/p>\n","protected":false},"excerpt":{"rendered":"<p>La ANSES informa que a partir del 1\u00ba de marzo m\u00e1s de 8,4 millones de titulares de derecho recibir\u00e1n un aumento en sus haberes del 12,96%: 6,9 millones de ellos son jubilados y pensionados y 1,5 millones son titulares de Pensiones No Contributivas (PNC) y excombatientes de Malvinas. Adem\u00e1s, y a partir de la sanci\u00f3n [&hellip;]<\/p>\n","protected":false},"author":4,"featured_media":3392,"comment_status":"open","ping_status":"closed","sticky":false,"template":"","format":"standard","meta":{"om_disable_all_campaigns":false,"_jetpack_memberships_contains_paid_content":false,"footnotes":""},"categories":[2],"tags":[],"class_list":["post-15053","post","type-post","status-publish","format-standard","has-post-thumbnail","hentry","category-locales"],"aioseo_notices":[],"gutentor_comment":0,"jetpack_featured_media_url":"https:\/\/eldiariodesanpedro.com.ar\/sitio\/wp-content\/uploads\/2016\/04\/MAT7-ANSES2.jpg","jetpack_shortlink":"https:\/\/wp.me\/p6RhLt-3UN","jetpack_sharing_enabled":true,"_links":{"self":[{"href":"https:\/\/eldiariodesanpedro.com.ar\/sitio\/wp-json\/wp\/v2\/posts\/15053","targetHints":{"allow":["GET"]}}],"collection":[{"href":"https:\/\/eldiariodesanpedro.com.ar\/sitio\/wp-json\/wp\/v2\/posts"}],"about":[{"href":"https:\/\/eldiariodesanpedro.com.ar\/sitio\/wp-json\/wp\/v2\/types\/post"}],"author":[{"embeddable":true,"href":"https:\/\/eldiariodesanpedro.com.ar\/sitio\/wp-json\/wp\/v2\/users\/4"}],"replies":[{"embeddable":true,"href":"https:\/\/eldiariodesanpedro.com.ar\/sitio\/wp-json\/wp\/v2\/comments?post=15053"}],"version-history":[{"count":1,"href":"https:\/\/eldiariodesanpedro.com.ar\/sitio\/wp-json\/wp\/v2\/posts\/15053\/revisions"}],"predecessor-version":[{"id":15054,"href":"https:\/\/eldiariodesanpedro.com.ar\/sitio\/wp-json\/wp\/v2\/posts\/15053\/revisions\/15054"}],"wp:featuredmedia":[{"embeddable":true,"href":"https:\/\/eldiariodesanpedro.com.ar\/sitio\/wp-json\/wp\/v2\/media\/3392"}],"wp:attachment":[{"href":"https:\/\/eldiariodesanpedro.com.ar\/sitio\/wp-json\/wp\/v2\/media?parent=15053"}],"wp:term":[{"taxonomy":"category","embeddable":true,"href":"https:\/\/eldiariodesanpedro.com.ar\/sitio\/wp-json\/wp\/v2\/categories?post=15053"},{"taxonomy":"post_tag","embeddable":true,"href":"https:\/\/eldiariodesanpedro.com.ar\/sitio\/wp-json\/wp\/v2\/tags?post=15053"}],"curies":[{"name":"wp","href":"https:\/\/api.w.org\/{rel}","templated":true}]}}