{"id":15050,"date":"2017-02-20T20:28:15","date_gmt":"2017-02-20T23:28:15","guid":{"rendered":"https:\/\/eldiariodesanpedro.com.ar\/sitio\/?p=15050"},"modified":"2017-02-20T20:28:15","modified_gmt":"2017-02-20T23:28:15","slug":"realizaron-la-apertura-de-sobres-para-el-dragado-del-puerto","status":"publish","type":"post","link":"https:\/\/eldiariodesanpedro.com.ar\/sitio\/realizaron-la-apertura-de-sobres-para-el-dragado-del-puerto\/","title":{"rendered":"Realizaron la apertura de sobres para el dragado del puerto"},"content":{"rendered":"<p><!-- VideographyWP Plugin Message: Automatic video embedding prevented by plugin options. --><br \/>\nEn el Sal\u00f3n del Directorio del Consorcio de Gesti\u00f3n del Puerto de San Pedro se cumpli\u00f3 con la formalidad de la apertura de sobres para el dragado que deber\u00e1 ejecutarse pr\u00f3ximamente en la d\u00e1rsena y canal de acceso.<\/p>\n<p>En el acto encabezado por el Presidente Ingeniero Horacio Frangi, se abri\u00f3 la \u00fanica presentaci\u00f3n recibida por parte de Compa\u00f1\u00eda Sud Americana de Dragados S.A. con las ofertas t\u00e9cnicas y econ\u00f3micas de rigor.<\/p>\n<p>Cumplimentado este acto se inicia el proceso de an\u00e1lisis correspondiente para luego continuar con los pasos establecidos para que en caso de que as\u00ed se resuelva, se firmen los contratos para la ejecuci\u00f3n del dragado.<\/p>\n","protected":false},"excerpt":{"rendered":"<p>En el Sal\u00f3n del Directorio del Consorcio de Gesti\u00f3n del Puerto de San Pedro se cumpli\u00f3 con la formalidad de la apertura de sobres para el dragado que deber\u00e1 ejecutarse pr\u00f3ximamente en la d\u00e1rsena y canal de acceso. En el acto encabezado por el Presidente Ingeniero Horacio Frangi, se abri\u00f3 la \u00fanica presentaci\u00f3n recibida por [&hellip;]<\/p>\n","protected":false},"author":4,"featured_media":15051,"comment_status":"open","ping_status":"closed","sticky":false,"template":"","format":"standard","meta":{"om_disable_all_campaigns":false,"_jetpack_memberships_contains_paid_content":false,"footnotes":""},"categories":[101,2],"tags":[],"class_list":["post-15050","post","type-post","status-publish","format-standard","has-post-thumbnail","hentry","category-interes-general-locales","category-locales"],"aioseo_notices":[],"gutentor_comment":0,"jetpack_featured_media_url":"https:\/\/eldiariodesanpedro.com.ar\/sitio\/wp-content\/uploads\/2017\/02\/La-apertura-de-sobre-realizada-ayer.jpg","jetpack_shortlink":"https:\/\/wp.me\/p6RhLt-3UK","jetpack_sharing_enabled":true,"_links":{"self":[{"href":"https:\/\/eldiariodesanpedro.com.ar\/sitio\/wp-json\/wp\/v2\/posts\/15050","targetHints":{"allow":["GET"]}}],"collection":[{"href":"https:\/\/eldiariodesanpedro.com.ar\/sitio\/wp-json\/wp\/v2\/posts"}],"about":[{"href":"https:\/\/eldiariodesanpedro.com.ar\/sitio\/wp-json\/wp\/v2\/types\/post"}],"author":[{"embeddable":true,"href":"https:\/\/eldiariodesanpedro.com.ar\/sitio\/wp-json\/wp\/v2\/users\/4"}],"replies":[{"embeddable":true,"href":"https:\/\/eldiariodesanpedro.com.ar\/sitio\/wp-json\/wp\/v2\/comments?post=15050"}],"version-history":[{"count":1,"href":"https:\/\/eldiariodesanpedro.com.ar\/sitio\/wp-json\/wp\/v2\/posts\/15050\/revisions"}],"predecessor-version":[{"id":15052,"href":"https:\/\/eldiariodesanpedro.com.ar\/sitio\/wp-json\/wp\/v2\/posts\/15050\/revisions\/15052"}],"wp:featuredmedia":[{"embeddable":true,"href":"https:\/\/eldiariodesanpedro.com.ar\/sitio\/wp-json\/wp\/v2\/media\/15051"}],"wp:attachment":[{"href":"https:\/\/eldiariodesanpedro.com.ar\/sitio\/wp-json\/wp\/v2\/media?parent=15050"}],"wp:term":[{"taxonomy":"category","embeddable":true,"href":"https:\/\/eldiariodesanpedro.com.ar\/sitio\/wp-json\/wp\/v2\/categories?post=15050"},{"taxonomy":"post_tag","embeddable":true,"href":"https:\/\/eldiariodesanpedro.com.ar\/sitio\/wp-json\/wp\/v2\/tags?post=15050"}],"curies":[{"name":"wp","href":"https:\/\/api.w.org\/{rel}","templated":true}]}}