{"id":15047,"date":"2017-02-20T20:25:59","date_gmt":"2017-02-20T23:25:59","guid":{"rendered":"https:\/\/eldiariodesanpedro.com.ar\/sitio\/?p=15047"},"modified":"2026-01-24T00:39:11","modified_gmt":"2026-01-24T03:39:11","slug":"comenzo-la-colocacion-de-mejorado-asfalticos-en-algunos-barrios","status":"publish","type":"post","link":"https:\/\/eldiariodesanpedro.com.ar\/sitio\/comenzo-la-colocacion-de-mejorado-asfalticos-en-algunos-barrios\/","title":{"rendered":"Comenz\u00f3 la colocaci\u00f3n de mejorado asf\u00e1lticos en algunos barrios"},"content":{"rendered":"<p><!-- VideographyWP Plugin Message: Automatic video embedding prevented by plugin options. --><br \/>\nEn las \u00faltimas semanas, personal de la Secretar\u00eda de Servicios P\u00fablicos intensific\u00f3 su tarea en los barrios \u00abcon la intensi\u00f3n de mejorar la calidad de vida de los vecinos brindando mayor seguridad a la hora de transitar\u00bb, informaron desde el Municipio.<\/p>\n<p>Al tiempo que sobre los trabajos que se realizaron, explicaron: \u00abEn esta primera etapa se taparon baches y se coloc\u00f3 material rap para mejorar muchas cuadras del partido. Algunas de las zonas en las que se trabaj\u00f3 son: Barrio La Providencia; acceso a Gobernador Castro; Barrio Atepam donde se repararon 30 cuadras; camino Lucio Mansilla; calle Depietri frente a la Escuela N\u00ba 4 y el Jard\u00edn 902 donde se trabaja de cara al inicio del ciclo lectivo\u00bb.<\/p>\n<p>\u00abEstas tareas se incrementar\u00e1n con el correr de las semanas cuando San Pedro reciba los fondos que destin\u00f3 el Ministerio de Infraestructura para en un principio reparar unas 200 cuadras\u00bb, manifestaron por \u00faltimo.<\/p>\n","protected":false},"excerpt":{"rendered":"<p>En las \u00faltimas semanas, personal de la Secretar\u00eda de Servicios P\u00fablicos intensific\u00f3 su tarea en los barrios \u00abcon la intensi\u00f3n de mejorar la calidad de vida de los vecinos brindando mayor seguridad a la hora de transitar\u00bb, informaron desde el Municipio. Al tiempo que sobre los trabajos que se realizaron, explicaron: \u00abEn esta primera etapa [&hellip;]<\/p>\n","protected":false},"author":4,"featured_media":15048,"comment_status":"open","ping_status":"closed","sticky":false,"template":"","format":"standard","meta":{"om_disable_all_campaigns":false,"_jetpack_memberships_contains_paid_content":false,"footnotes":""},"categories":[2],"tags":[],"class_list":["post-15047","post","type-post","status-publish","format-standard","has-post-thumbnail","hentry","category-locales"],"aioseo_notices":[],"gutentor_comment":0,"jetpack_featured_media_url":"https:\/\/eldiariodesanpedro.com.ar\/sitio\/wp-content\/uploads\/2017\/02\/El-trabajo-en-una-de-las-calles-de-la-ciudad.jpg","jetpack_shortlink":"https:\/\/wp.me\/p6RhLt-3UH","jetpack_sharing_enabled":true,"_links":{"self":[{"href":"https:\/\/eldiariodesanpedro.com.ar\/sitio\/wp-json\/wp\/v2\/posts\/15047","targetHints":{"allow":["GET"]}}],"collection":[{"href":"https:\/\/eldiariodesanpedro.com.ar\/sitio\/wp-json\/wp\/v2\/posts"}],"about":[{"href":"https:\/\/eldiariodesanpedro.com.ar\/sitio\/wp-json\/wp\/v2\/types\/post"}],"author":[{"embeddable":true,"href":"https:\/\/eldiariodesanpedro.com.ar\/sitio\/wp-json\/wp\/v2\/users\/4"}],"replies":[{"embeddable":true,"href":"https:\/\/eldiariodesanpedro.com.ar\/sitio\/wp-json\/wp\/v2\/comments?post=15047"}],"version-history":[{"count":1,"href":"https:\/\/eldiariodesanpedro.com.ar\/sitio\/wp-json\/wp\/v2\/posts\/15047\/revisions"}],"predecessor-version":[{"id":15049,"href":"https:\/\/eldiariodesanpedro.com.ar\/sitio\/wp-json\/wp\/v2\/posts\/15047\/revisions\/15049"}],"wp:featuredmedia":[{"embeddable":true,"href":"https:\/\/eldiariodesanpedro.com.ar\/sitio\/wp-json\/wp\/v2\/media\/15048"}],"wp:attachment":[{"href":"https:\/\/eldiariodesanpedro.com.ar\/sitio\/wp-json\/wp\/v2\/media?parent=15047"}],"wp:term":[{"taxonomy":"category","embeddable":true,"href":"https:\/\/eldiariodesanpedro.com.ar\/sitio\/wp-json\/wp\/v2\/categories?post=15047"},{"taxonomy":"post_tag","embeddable":true,"href":"https:\/\/eldiariodesanpedro.com.ar\/sitio\/wp-json\/wp\/v2\/tags?post=15047"}],"curies":[{"name":"wp","href":"https:\/\/api.w.org\/{rel}","templated":true}]}}