{"id":150463,"date":"2026-05-01T12:49:41","date_gmt":"2026-05-01T15:49:41","guid":{"rendered":"https:\/\/eldiariodesanpedro.com.ar\/sitio\/?p=150463"},"modified":"2026-05-01T12:49:45","modified_gmt":"2026-05-01T15:49:45","slug":"feria-de-emprendedores-en-rio-tala-por-el-aniversario-de-la-localidad","status":"publish","type":"post","link":"https:\/\/eldiariodesanpedro.com.ar\/sitio\/feria-de-emprendedores-en-rio-tala-por-el-aniversario-de-la-localidad\/","title":{"rendered":"Feria de emprendedores en R\u00edo Tala por el aniversario de la localidad"},"content":{"rendered":"<!-- VideographyWP Plugin Message: Automatic video embedding prevented by plugin options. -->\n\n<p><strong>Feria de emprendedores en R\u00edo Tala por el aniversario de la localidad<\/strong><\/p>\n\n\n\n<p><em>La propuesta se realizar\u00e1 este domingo desde las 14 en la Plaza de la Estaci\u00f3n, con shows, feria y actividades para toda la familia.<\/em><\/p>\n\n\n\n<p>El <strong>Municipio de San Pedro<\/strong> convoc\u00f3 a la comunidad a participar de una <strong>feria de emprendedores<\/strong> que se llevar\u00e1 a cabo el <strong>domingo 3 de mayo desde las 14 horas<\/strong> en la <strong>Plaza de la Estaci\u00f3n de R\u00edo Tala<\/strong>, en el marco de los festejos por el <strong>113\u00b0 aniversario de la localidad<\/strong>.<\/p>\n\n\n\n<p>La actividad es impulsada por <strong>emprendedores locales<\/strong>, con el acompa\u00f1amiento de la <strong>Direcci\u00f3n de Cultura<\/strong>, dependiente de la <strong>Secretar\u00eda de Desarrollo Econ\u00f3mico<\/strong>, junto a la <strong>Delegaci\u00f3n Municipal de R\u00edo Tala<\/strong>. El objetivo es generar un espacio de encuentro comunitario con propuestas culturales y recreativas.<\/p>\n\n\n\n<p>Durante la jornada habr\u00e1 <strong>stands de emprendedores<\/strong>, adem\u00e1s de <strong>kerm\u00e9s para ni\u00f1os<\/strong>, <strong>chocolatada<\/strong> y espect\u00e1culos en vivo. En el escenario se presentar\u00e1n <strong>Tikunakun, Le\u00f3n Talense, Mart\u00edn Garc\u00eda, Agos Malacalza, Pialando Recuerdos, Alma Comercialera<\/strong>, y contar\u00e1 con la <strong>participaci\u00f3n especial de Urban Kids<\/strong>.<\/p>\n\n\n\n<p>La iniciativa forma parte de las actividades programadas para celebrar un nuevo aniversario de la localidad, con una agenda pensada para vecinos y visitantes.<\/p>\n\n\n\n<p>#R\u00edoTala #FeriaDeEmprendedores #Aniversario #Cultura #EmprendedoresLocales #SanPedro #Eventos<\/p>\n\n\n<div class=\"wp-block-image\">\n<figure class=\"aligncenter size-full\"><img decoding=\"async\" width=\"504\" height=\"630\" data-attachment-id=\"150466\" data-permalink=\"https:\/\/eldiariodesanpedro.com.ar\/sitio\/feria-de-emprendedores-en-rio-tala-por-el-aniversario-de-la-localidad\/whatsapp-image-2026-04-30-at-11-08-52-2\/\" data-orig-file=\"https:\/\/eldiariodesanpedro.com.ar\/sitio\/wp-content\/uploads\/2026\/05\/WhatsApp-Image-2026-04-30-at-11.08.52-1.jpeg\" data-orig-size=\"504,630\" data-comments-opened=\"0\" data-image-meta=\"{&quot;aperture&quot;:&quot;0&quot;,&quot;credit&quot;:&quot;&quot;,&quot;camera&quot;:&quot;&quot;,&quot;caption&quot;:&quot;&quot;,&quot;created_timestamp&quot;:&quot;0&quot;,&quot;copyright&quot;:&quot;&quot;,&quot;focal_length&quot;:&quot;0&quot;,&quot;iso&quot;:&quot;0&quot;,&quot;shutter_speed&quot;:&quot;0&quot;,&quot;title&quot;:&quot;&quot;,&quot;orientation&quot;:&quot;0&quot;}\" data-image-title=\"WhatsApp Image 2026-04-30 at 11.08.52\" data-image-description=\"\" data-image-caption=\"\" data-large-file=\"https:\/\/eldiariodesanpedro.com.ar\/sitio\/wp-content\/uploads\/2026\/05\/WhatsApp-Image-2026-04-30-at-11.08.52-1.jpeg\" data-src=\"https:\/\/eldiariodesanpedro.com.ar\/sitio\/wp-content\/uploads\/2026\/05\/WhatsApp-Image-2026-04-30-at-11.08.52-1.jpeg\" alt=\"\" class=\"wp-image-150466 lazyload\" data-srcset=\"https:\/\/eldiariodesanpedro.com.ar\/sitio\/wp-content\/uploads\/2026\/05\/WhatsApp-Image-2026-04-30-at-11.08.52-1.jpeg 504w, https:\/\/eldiariodesanpedro.com.ar\/sitio\/wp-content\/uploads\/2026\/05\/WhatsApp-Image-2026-04-30-at-11.08.52-1-240x300.jpeg 240w\" data-sizes=\"(max-width: 504px) 100vw, 504px\" src=\"data:image\/svg+xml;base64,PHN2ZyB3aWR0aD0iMSIgaGVpZ2h0PSIxIiB4bWxucz0iaHR0cDovL3d3dy53My5vcmcvMjAwMC9zdmciPjwvc3ZnPg==\" style=\"--smush-placeholder-width: 504px; --smush-placeholder-aspect-ratio: 504\/630;\" \/><\/figure>\n<\/div>","protected":false},"excerpt":{"rendered":"<p>Feria de emprendedores en R\u00edo Tala por el aniversario de la localidad La propuesta se realizar\u00e1 este domingo desde las 14 en la Plaza de la Estaci\u00f3n, con shows, feria y actividades para toda la familia. El Municipio de San Pedro convoc\u00f3 a la comunidad a participar de una feria de emprendedores que se llevar\u00e1 [&hellip;]<\/p>\n","protected":false},"author":4,"featured_media":150464,"comment_status":"closed","ping_status":"closed","sticky":false,"template":"","format":"standard","meta":{"om_disable_all_campaigns":false,"_jetpack_memberships_contains_paid_content":false,"footnotes":""},"categories":[101,2],"tags":[10605,10606,9727,10603,10604,10601,10602],"class_list":["post-150463","post","type-post","status-publish","format-standard","has-post-thumbnail","hentry","category-interes-general-locales","category-locales","tag-aniversario-rio-tala-113-anos","tag-cultura-rio-tala","tag-emprendedores-locales-san-pedro","tag-eventos-en-rio-tala","tag-feria-de-emprendedores-rio-tala","tag-feria-domingo-rio-tala","tag-municipalidad-de-san-pedro-actividades"],"aioseo_notices":[],"gutentor_comment":0,"jetpack_featured_media_url":"https:\/\/eldiariodesanpedro.com.ar\/sitio\/wp-content\/uploads\/2026\/05\/medida.jpg","jetpack_shortlink":"https:\/\/wp.me\/p6RhLt-D8P","jetpack_sharing_enabled":true,"_links":{"self":[{"href":"https:\/\/eldiariodesanpedro.com.ar\/sitio\/wp-json\/wp\/v2\/posts\/150463","targetHints":{"allow":["GET"]}}],"collection":[{"href":"https:\/\/eldiariodesanpedro.com.ar\/sitio\/wp-json\/wp\/v2\/posts"}],"about":[{"href":"https:\/\/eldiariodesanpedro.com.ar\/sitio\/wp-json\/wp\/v2\/types\/post"}],"author":[{"embeddable":true,"href":"https:\/\/eldiariodesanpedro.com.ar\/sitio\/wp-json\/wp\/v2\/users\/4"}],"replies":[{"embeddable":true,"href":"https:\/\/eldiariodesanpedro.com.ar\/sitio\/wp-json\/wp\/v2\/comments?post=150463"}],"version-history":[{"count":1,"href":"https:\/\/eldiariodesanpedro.com.ar\/sitio\/wp-json\/wp\/v2\/posts\/150463\/revisions"}],"predecessor-version":[{"id":150467,"href":"https:\/\/eldiariodesanpedro.com.ar\/sitio\/wp-json\/wp\/v2\/posts\/150463\/revisions\/150467"}],"wp:featuredmedia":[{"embeddable":true,"href":"https:\/\/eldiariodesanpedro.com.ar\/sitio\/wp-json\/wp\/v2\/media\/150464"}],"wp:attachment":[{"href":"https:\/\/eldiariodesanpedro.com.ar\/sitio\/wp-json\/wp\/v2\/media?parent=150463"}],"wp:term":[{"taxonomy":"category","embeddable":true,"href":"https:\/\/eldiariodesanpedro.com.ar\/sitio\/wp-json\/wp\/v2\/categories?post=150463"},{"taxonomy":"post_tag","embeddable":true,"href":"https:\/\/eldiariodesanpedro.com.ar\/sitio\/wp-json\/wp\/v2\/tags?post=150463"}],"curies":[{"name":"wp","href":"https:\/\/api.w.org\/{rel}","templated":true}]}}