{"id":150458,"date":"2026-05-01T12:11:54","date_gmt":"2026-05-01T15:11:54","guid":{"rendered":"https:\/\/eldiariodesanpedro.com.ar\/sitio\/?p=150458"},"modified":"2026-05-01T12:11:58","modified_gmt":"2026-05-01T15:11:58","slug":"intervencion-artistica-en-mosaico-en-el-paseo-agenor-almada","status":"publish","type":"post","link":"https:\/\/eldiariodesanpedro.com.ar\/sitio\/intervencion-artistica-en-mosaico-en-el-paseo-agenor-almada\/","title":{"rendered":"Intervenci\u00f3n art\u00edstica en mosaico en el Paseo Agenor Almada"},"content":{"rendered":"<!-- VideographyWP Plugin Message: Automatic video embedding prevented by plugin options. -->\n\n<p>El Paseo Agenor Almada ser\u00e1 escenario de una jornada art\u00edstica con m\u00e1s de 40 participantes que intervendr\u00e1n el espacio p\u00fablico con mosaicos.<\/p>\n\n\n\n<p>Este <strong>s\u00e1bado 2 de mayo, de 9 a 14 horas<\/strong>, se llevar\u00e1 a cabo una intervenci\u00f3n art\u00edstica en el <strong>Paseo Agenor Almada<\/strong>, en el marco del <strong>Proyecto Agenor<\/strong>, una iniciativa autogestionada que busca revalorizar el espacio p\u00fablico a trav\u00e9s del arte del mosaico.<\/p>\n\n\n\n<p>La actividad contar\u00e1 con la participaci\u00f3n de <strong>m\u00e1s de 40 artistas provenientes de distintas ciudades del pa\u00eds<\/strong>, entre ellas <strong>Mar del Plata, C\u00f3rdoba y Buenos Aires<\/strong>, quienes trabajar\u00e1n sobre <strong>bolardos cil\u00edndricos<\/strong> con dise\u00f1os inspirados en <strong>nadadores y el R\u00edo Paran\u00e1<\/strong>.<\/p>\n\n\n\n<p>El proyecto es coordinado por la arquitecta <strong>Mar\u00eda Luz M\u00e9ndez<\/strong> y corresponde a una <strong>primera etapa que contempla la intervenci\u00f3n de 40 bolardos<\/strong>. Durante la jornada, <strong>vecinos, vecinas y turistas<\/strong> podr\u00e1n observar en vivo el proceso de colocaci\u00f3n de los mosaicos, acercarse al trabajo de los artistas y recorrer una muestra de obras.<\/p>\n\n\n\n<p>Como cierre, a las <strong>14.30 horas<\/strong>, se realizar\u00e1 la <strong>entrega de diplomas a los artistas participantes<\/strong>.<\/p>\n\n\n\n<p>La propuesta rinde homenaje a <strong>Carlos Agenor Almada<\/strong>, reconocido nadador sampedrino de aguas abiertas, y tendr\u00e1 continuidad con una <strong>segunda etapa prevista para octubre<\/strong>, con el objetivo de completar la intervenci\u00f3n art\u00edstica planificada.<\/p>\n\n\n\n<p>#PaseoAgenorAlmada #ProyectoAgenor #ArteEnMosaico #SanPedro #Cultura #IntervencionArtistica #RioParana #ArtePublico<\/p>\n\n\n\n<figure class=\"wp-block-image size-full\"><img decoding=\"async\" width=\"630\" height=\"630\" data-attachment-id=\"150461\" data-permalink=\"https:\/\/eldiariodesanpedro.com.ar\/sitio\/intervencion-artistica-en-mosaico-en-el-paseo-agenor-almada\/whatsapp-image-2026-04-30-at-10-00-34-2\/\" data-orig-file=\"https:\/\/eldiariodesanpedro.com.ar\/sitio\/wp-content\/uploads\/2026\/05\/WhatsApp-Image-2026-04-30-at-10.00.34-1.jpeg\" data-orig-size=\"630,630\" data-comments-opened=\"0\" data-image-meta=\"{&quot;aperture&quot;:&quot;0&quot;,&quot;credit&quot;:&quot;&quot;,&quot;camera&quot;:&quot;&quot;,&quot;caption&quot;:&quot;&quot;,&quot;created_timestamp&quot;:&quot;0&quot;,&quot;copyright&quot;:&quot;&quot;,&quot;focal_length&quot;:&quot;0&quot;,&quot;iso&quot;:&quot;0&quot;,&quot;shutter_speed&quot;:&quot;0&quot;,&quot;title&quot;:&quot;&quot;,&quot;orientation&quot;:&quot;0&quot;}\" data-image-title=\"WhatsApp Image 2026-04-30 at 10.00.34\" data-image-description=\"\" data-image-caption=\"\" data-large-file=\"https:\/\/eldiariodesanpedro.com.ar\/sitio\/wp-content\/uploads\/2026\/05\/WhatsApp-Image-2026-04-30-at-10.00.34-1.jpeg\" data-src=\"https:\/\/eldiariodesanpedro.com.ar\/sitio\/wp-content\/uploads\/2026\/05\/WhatsApp-Image-2026-04-30-at-10.00.34-1.jpeg\" alt=\"\" class=\"wp-image-150461 lazyload\" data-srcset=\"https:\/\/eldiariodesanpedro.com.ar\/sitio\/wp-content\/uploads\/2026\/05\/WhatsApp-Image-2026-04-30-at-10.00.34-1.jpeg 630w, https:\/\/eldiariodesanpedro.com.ar\/sitio\/wp-content\/uploads\/2026\/05\/WhatsApp-Image-2026-04-30-at-10.00.34-1-300x300.jpeg 300w, https:\/\/eldiariodesanpedro.com.ar\/sitio\/wp-content\/uploads\/2026\/05\/WhatsApp-Image-2026-04-30-at-10.00.34-1-150x150.jpeg 150w\" data-sizes=\"(max-width: 630px) 100vw, 630px\" src=\"data:image\/svg+xml;base64,PHN2ZyB3aWR0aD0iMSIgaGVpZ2h0PSIxIiB4bWxucz0iaHR0cDovL3d3dy53My5vcmcvMjAwMC9zdmciPjwvc3ZnPg==\" style=\"--smush-placeholder-width: 630px; --smush-placeholder-aspect-ratio: 630\/630;\" \/><\/figure>\n","protected":false},"excerpt":{"rendered":"<p>El Paseo Agenor Almada ser\u00e1 escenario de una jornada art\u00edstica con m\u00e1s de 40 participantes que intervendr\u00e1n el espacio p\u00fablico con mosaicos. Este s\u00e1bado 2 de mayo, de 9 a 14 horas, se llevar\u00e1 a cabo una intervenci\u00f3n art\u00edstica en el Paseo Agenor Almada, en el marco del Proyecto Agenor, una iniciativa autogestionada que busca [&hellip;]<\/p>\n","protected":false},"author":4,"featured_media":150459,"comment_status":"closed","ping_status":"closed","sticky":false,"template":"","format":"standard","meta":{"om_disable_all_campaigns":false,"_jetpack_memberships_contains_paid_content":false,"footnotes":""},"categories":[2],"tags":[],"class_list":["post-150458","post","type-post","status-publish","format-standard","has-post-thumbnail","hentry","category-locales"],"aioseo_notices":[],"gutentor_comment":0,"jetpack_featured_media_url":"https:\/\/eldiariodesanpedro.com.ar\/sitio\/wp-content\/uploads\/2026\/05\/ChatGPT-Image-1-may-2026-12_04_38.jpg","jetpack_shortlink":"https:\/\/wp.me\/p6RhLt-D8K","jetpack_sharing_enabled":true,"_links":{"self":[{"href":"https:\/\/eldiariodesanpedro.com.ar\/sitio\/wp-json\/wp\/v2\/posts\/150458","targetHints":{"allow":["GET"]}}],"collection":[{"href":"https:\/\/eldiariodesanpedro.com.ar\/sitio\/wp-json\/wp\/v2\/posts"}],"about":[{"href":"https:\/\/eldiariodesanpedro.com.ar\/sitio\/wp-json\/wp\/v2\/types\/post"}],"author":[{"embeddable":true,"href":"https:\/\/eldiariodesanpedro.com.ar\/sitio\/wp-json\/wp\/v2\/users\/4"}],"replies":[{"embeddable":true,"href":"https:\/\/eldiariodesanpedro.com.ar\/sitio\/wp-json\/wp\/v2\/comments?post=150458"}],"version-history":[{"count":1,"href":"https:\/\/eldiariodesanpedro.com.ar\/sitio\/wp-json\/wp\/v2\/posts\/150458\/revisions"}],"predecessor-version":[{"id":150462,"href":"https:\/\/eldiariodesanpedro.com.ar\/sitio\/wp-json\/wp\/v2\/posts\/150458\/revisions\/150462"}],"wp:featuredmedia":[{"embeddable":true,"href":"https:\/\/eldiariodesanpedro.com.ar\/sitio\/wp-json\/wp\/v2\/media\/150459"}],"wp:attachment":[{"href":"https:\/\/eldiariodesanpedro.com.ar\/sitio\/wp-json\/wp\/v2\/media?parent=150458"}],"wp:term":[{"taxonomy":"category","embeddable":true,"href":"https:\/\/eldiariodesanpedro.com.ar\/sitio\/wp-json\/wp\/v2\/categories?post=150458"},{"taxonomy":"post_tag","embeddable":true,"href":"https:\/\/eldiariodesanpedro.com.ar\/sitio\/wp-json\/wp\/v2\/tags?post=150458"}],"curies":[{"name":"wp","href":"https:\/\/api.w.org\/{rel}","templated":true}]}}