{"id":150455,"date":"2026-05-01T11:16:28","date_gmt":"2026-05-01T14:16:28","guid":{"rendered":"https:\/\/eldiariodesanpedro.com.ar\/sitio\/?p=150455"},"modified":"2026-05-01T11:30:55","modified_gmt":"2026-05-01T14:30:55","slug":"fallecio-amanda-emilce-caceres-77-anos","status":"publish","type":"post","link":"https:\/\/eldiariodesanpedro.com.ar\/sitio\/fallecio-amanda-emilce-caceres-77-anos\/","title":{"rendered":"Falleci\u00f3 Amanda Emilce C\u00e1ceres, 77 a\u00f1os"},"content":{"rendered":"<!-- VideographyWP Plugin Message: Automatic video embedding prevented by plugin options. -->\n\n<p>La vecina falleci\u00f3 a los 77 a\u00f1os. Sus restos son velados en sala 3 y el servicio se realizar\u00e1 este 1 de mayo por la ma\u00f1ana.<\/p>\n\n\n\n<p>La comunidad despide a <strong>Amanda Emilce C\u00e1ceres<\/strong>, quien <strong>falleci\u00f3 a los 77 a\u00f1os<\/strong>. Sus restos son velados en la <strong>Sala N\u00b03<\/strong>, ubicada en <strong>3 de Febrero 1475<\/strong>.<\/p>\n\n\n\n<p>El <strong>servicio funerario se desarrollar\u00e1 hasta las 11:00 horas del 1 de mayo de 2026<\/strong>, seg\u00fan informaron desde la empresa a cargo, <strong>Coopser Servicios Sociales<\/strong>.<\/p>\n\n\n\n<p>Familiares, amigos y allegados acompa\u00f1an este momento de dolor, brindando el \u00faltimo adi\u00f3s.<\/p>\n\n\n\n<p>#Necrol\u00f3gicas #Fallecimiento #ServiciosSociales #Coopser #AmandaC\u00e1ceres<\/p>\n","protected":false},"excerpt":{"rendered":"<p>La vecina falleci\u00f3 a los 77 a\u00f1os. Sus restos son velados en sala 3 y el servicio se realizar\u00e1 este 1 de mayo por la ma\u00f1ana. La comunidad despide a Amanda Emilce C\u00e1ceres, quien falleci\u00f3 a los 77 a\u00f1os. Sus restos son velados en la Sala N\u00b03, ubicada en 3 de Febrero 1475. El servicio [&hellip;]<\/p>\n","protected":false},"author":4,"featured_media":113757,"comment_status":"closed","ping_status":"closed","sticky":false,"template":"","format":"standard","meta":{"om_disable_all_campaigns":false,"_jetpack_memberships_contains_paid_content":false,"footnotes":""},"categories":[8424],"tags":[8315,10599,5113,1667,7895,6885,10600],"class_list":["post-150455","post","type-post","status-publish","format-standard","has-post-thumbnail","hentry","category-necrologicas","tag-3-de-febrero-1475","tag-amanda-emilce-caceres","tag-coopser-servicios-sociales","tag-fallecimiento","tag-necrologica","tag-sala-velatoria","tag-servicio-funerario-1-de-mayo-2026"],"aioseo_notices":[],"gutentor_comment":0,"jetpack_featured_media_url":"https:\/\/eldiariodesanpedro.com.ar\/sitio\/wp-content\/uploads\/2023\/01\/necrologicas.jpg","jetpack_shortlink":"https:\/\/wp.me\/p6RhLt-D8H","jetpack_sharing_enabled":true,"_links":{"self":[{"href":"https:\/\/eldiariodesanpedro.com.ar\/sitio\/wp-json\/wp\/v2\/posts\/150455","targetHints":{"allow":["GET"]}}],"collection":[{"href":"https:\/\/eldiariodesanpedro.com.ar\/sitio\/wp-json\/wp\/v2\/posts"}],"about":[{"href":"https:\/\/eldiariodesanpedro.com.ar\/sitio\/wp-json\/wp\/v2\/types\/post"}],"author":[{"embeddable":true,"href":"https:\/\/eldiariodesanpedro.com.ar\/sitio\/wp-json\/wp\/v2\/users\/4"}],"replies":[{"embeddable":true,"href":"https:\/\/eldiariodesanpedro.com.ar\/sitio\/wp-json\/wp\/v2\/comments?post=150455"}],"version-history":[{"count":1,"href":"https:\/\/eldiariodesanpedro.com.ar\/sitio\/wp-json\/wp\/v2\/posts\/150455\/revisions"}],"predecessor-version":[{"id":150456,"href":"https:\/\/eldiariodesanpedro.com.ar\/sitio\/wp-json\/wp\/v2\/posts\/150455\/revisions\/150456"}],"wp:featuredmedia":[{"embeddable":true,"href":"https:\/\/eldiariodesanpedro.com.ar\/sitio\/wp-json\/wp\/v2\/media\/113757"}],"wp:attachment":[{"href":"https:\/\/eldiariodesanpedro.com.ar\/sitio\/wp-json\/wp\/v2\/media?parent=150455"}],"wp:term":[{"taxonomy":"category","embeddable":true,"href":"https:\/\/eldiariodesanpedro.com.ar\/sitio\/wp-json\/wp\/v2\/categories?post=150455"},{"taxonomy":"post_tag","embeddable":true,"href":"https:\/\/eldiariodesanpedro.com.ar\/sitio\/wp-json\/wp\/v2\/tags?post=150455"}],"curies":[{"name":"wp","href":"https:\/\/api.w.org\/{rel}","templated":true}]}}