{"id":150450,"date":"2026-04-30T16:52:35","date_gmt":"2026-04-30T19:52:35","guid":{"rendered":"https:\/\/eldiariodesanpedro.com.ar\/sitio\/?p=150450"},"modified":"2026-04-30T16:52:39","modified_gmt":"2026-04-30T19:52:39","slug":"una-mujer-fue-atropellada-por-una-moto-y-sufrio-una-fractura","status":"publish","type":"post","link":"https:\/\/eldiariodesanpedro.com.ar\/sitio\/una-mujer-fue-atropellada-por-una-moto-y-sufrio-una-fractura\/","title":{"rendered":"Una mujer fue atropellada por una moto y sufri\u00f3 una fractura"},"content":{"rendered":"<!-- VideographyWP Plugin Message: Automatic video embedding prevented by plugin options. -->\n\n<p>Una mujer result\u00f3 herida tras ser embestida por una motocicleta. El conductor se dio a la fuga y la v\u00edctima debi\u00f3 ser hospitalizada.<\/p>\n\n\n\n<p>El accidente de tr\u00e1nsito ocurri\u00f3 <strong>este jueves alrededor de las 13<\/strong> en la intersecci\u00f3n de <strong>Bottaro y Lucio Mansilla<\/strong>, donde, por causas que a\u00fan se investigan, <strong>una motocicleta conducida por un joven colision\u00f3 con una mujer que circulaba en bicicleta<\/strong>.<\/p>\n\n\n\n<p>De acuerdo al testimonio de un testigo presencial, tras el impacto <strong>la mujer qued\u00f3 tendida y con visibles signos de dolor<\/strong>, mientras que <strong>el conductor de la moto abandon\u00f3 el lugar sin asistirla<\/strong>.<\/p>\n\n\n\n<p>Minutos despu\u00e9s, una ambulancia del <strong>servicio de emergencias 107<\/strong> traslad\u00f3 a la v\u00edctima al <strong>Hospital Emilio Ruffa<\/strong>, donde qued\u00f3 internada. Seg\u00fan informaron desde la guardia m\u00e9dica, <strong>presentaba un traumatismo en un miembro inferior con fractura<\/strong>.<\/p>\n\n\n\n<p>Se iniciaron actuaciones para determinar las circunstancias del hecho y dar con el responsable.<\/p>\n\n\n\n<p>#Accidente #Moto #Atropello #Policiales #Emergencias #Hospital #SanPedro #InseguridadVial<\/p>\n\n\n\n<div class=\"wp-block-jetpack-slideshow aligncenter\" data-effect=\"slide\" style=\"--aspect-ratio:calc(792 \/ 630)\"><div class=\"wp-block-jetpack-slideshow_container swiper\"><ul class=\"wp-block-jetpack-slideshow_swiper-wrapper swiper-wrapper\"><li class=\"wp-block-jetpack-slideshow_slide swiper-slide\"><figure><img decoding=\"async\" width=\"792\" height=\"630\" alt=\"\" class=\"wp-block-jetpack-slideshow_image wp-image-150453 lazyload\" data-id=\"150453\" data-aspect-ratio=\"792 \/ 630\" data-src=\"https:\/\/eldiariodesanpedro.com.ar\/sitio\/wp-content\/uploads\/2026\/04\/683211872_842039698955763_4556725853062401178_n.jpg\" data-srcset=\"https:\/\/eldiariodesanpedro.com.ar\/sitio\/wp-content\/uploads\/2026\/04\/683211872_842039698955763_4556725853062401178_n.jpg 792w, https:\/\/eldiariodesanpedro.com.ar\/sitio\/wp-content\/uploads\/2026\/04\/683211872_842039698955763_4556725853062401178_n-300x239.jpg 300w, https:\/\/eldiariodesanpedro.com.ar\/sitio\/wp-content\/uploads\/2026\/04\/683211872_842039698955763_4556725853062401178_n-768x611.jpg 768w\" data-sizes=\"(max-width: 792px) 100vw, 792px\" src=\"data:image\/svg+xml;base64,PHN2ZyB3aWR0aD0iMSIgaGVpZ2h0PSIxIiB4bWxucz0iaHR0cDovL3d3dy53My5vcmcvMjAwMC9zdmciPjwvc3ZnPg==\" style=\"--smush-placeholder-width: 792px; --smush-placeholder-aspect-ratio: 792\/630;\" \/><\/figure><\/li><li class=\"wp-block-jetpack-slideshow_slide swiper-slide\"><figure><img decoding=\"async\" width=\"700\" height=\"630\" alt=\"\" class=\"wp-block-jetpack-slideshow_image wp-image-150452 lazyload\" data-id=\"150452\" data-aspect-ratio=\"700 \/ 630\" data-src=\"https:\/\/eldiariodesanpedro.com.ar\/sitio\/wp-content\/uploads\/2026\/04\/684825634_842039658955767_8769606629627814693_n.jpg\" data-srcset=\"https:\/\/eldiariodesanpedro.com.ar\/sitio\/wp-content\/uploads\/2026\/04\/684825634_842039658955767_8769606629627814693_n.jpg 700w, https:\/\/eldiariodesanpedro.com.ar\/sitio\/wp-content\/uploads\/2026\/04\/684825634_842039658955767_8769606629627814693_n-300x270.jpg 300w\" data-sizes=\"(max-width: 700px) 100vw, 700px\" src=\"data:image\/svg+xml;base64,PHN2ZyB3aWR0aD0iMSIgaGVpZ2h0PSIxIiB4bWxucz0iaHR0cDovL3d3dy53My5vcmcvMjAwMC9zdmciPjwvc3ZnPg==\" style=\"--smush-placeholder-width: 700px; --smush-placeholder-aspect-ratio: 700\/630;\" \/><\/figure><\/li><\/ul><a class=\"wp-block-jetpack-slideshow_button-prev swiper-button-prev swiper-button-white\" role=\"button\"><\/a><a class=\"wp-block-jetpack-slideshow_button-next swiper-button-next swiper-button-white\" role=\"button\"><\/a><a aria-label=\"Pause Slideshow\" class=\"wp-block-jetpack-slideshow_button-pause\" role=\"button\"><\/a><div class=\"wp-block-jetpack-slideshow_pagination swiper-pagination swiper-pagination-white\"><\/div><\/div><\/div>\n","protected":false},"excerpt":{"rendered":"<p>Una mujer result\u00f3 herida tras ser embestida por una motocicleta. El conductor se dio a la fuga y la v\u00edctima debi\u00f3 ser hospitalizada. El accidente de tr\u00e1nsito ocurri\u00f3 este jueves alrededor de las 13 en la intersecci\u00f3n de Bottaro y Lucio Mansilla, donde, por causas que a\u00fan se investigan, una motocicleta conducida por un joven [&hellip;]<\/p>\n","protected":false},"author":4,"featured_media":150451,"comment_status":"closed","ping_status":"closed","sticky":false,"template":"","format":"standard","meta":{"om_disable_all_campaigns":false,"_jetpack_memberships_contains_paid_content":false,"footnotes":""},"categories":[50,2,103],"tags":[3612,10596,10598,10597,10595,5129,10593,10594],"class_list":["post-150450","post","type-post","status-publish","format-standard","has-post-thumbnail","hentry","category-destacadas","category-locales","category-policiales-locales","tag-accidente-de-transito-2","tag-bottaro-y-lucio-mansilla","tag-choque-bicicleta-moto","tag-emergencia-107","tag-fractura-pierna","tag-hospital-emilio-ruffa","tag-moto-fuga","tag-mujer-atropellada"],"aioseo_notices":[],"gutentor_comment":0,"jetpack_featured_media_url":"https:\/\/eldiariodesanpedro.com.ar\/sitio\/wp-content\/uploads\/2026\/04\/fractura-1.jpg","jetpack_shortlink":"https:\/\/wp.me\/p6RhLt-D8C","jetpack_sharing_enabled":true,"_links":{"self":[{"href":"https:\/\/eldiariodesanpedro.com.ar\/sitio\/wp-json\/wp\/v2\/posts\/150450","targetHints":{"allow":["GET"]}}],"collection":[{"href":"https:\/\/eldiariodesanpedro.com.ar\/sitio\/wp-json\/wp\/v2\/posts"}],"about":[{"href":"https:\/\/eldiariodesanpedro.com.ar\/sitio\/wp-json\/wp\/v2\/types\/post"}],"author":[{"embeddable":true,"href":"https:\/\/eldiariodesanpedro.com.ar\/sitio\/wp-json\/wp\/v2\/users\/4"}],"replies":[{"embeddable":true,"href":"https:\/\/eldiariodesanpedro.com.ar\/sitio\/wp-json\/wp\/v2\/comments?post=150450"}],"version-history":[{"count":1,"href":"https:\/\/eldiariodesanpedro.com.ar\/sitio\/wp-json\/wp\/v2\/posts\/150450\/revisions"}],"predecessor-version":[{"id":150454,"href":"https:\/\/eldiariodesanpedro.com.ar\/sitio\/wp-json\/wp\/v2\/posts\/150450\/revisions\/150454"}],"wp:featuredmedia":[{"embeddable":true,"href":"https:\/\/eldiariodesanpedro.com.ar\/sitio\/wp-json\/wp\/v2\/media\/150451"}],"wp:attachment":[{"href":"https:\/\/eldiariodesanpedro.com.ar\/sitio\/wp-json\/wp\/v2\/media?parent=150450"}],"wp:term":[{"taxonomy":"category","embeddable":true,"href":"https:\/\/eldiariodesanpedro.com.ar\/sitio\/wp-json\/wp\/v2\/categories?post=150450"},{"taxonomy":"post_tag","embeddable":true,"href":"https:\/\/eldiariodesanpedro.com.ar\/sitio\/wp-json\/wp\/v2\/tags?post=150450"}],"curies":[{"name":"wp","href":"https:\/\/api.w.org\/{rel}","templated":true}]}}