{"id":150443,"date":"2026-04-30T16:32:44","date_gmt":"2026-04-30T19:32:44","guid":{"rendered":"https:\/\/eldiariodesanpedro.com.ar\/sitio\/?p=150443"},"modified":"2026-04-30T16:44:18","modified_gmt":"2026-04-30T19:44:18","slug":"tres-accidentes-de-transito-en-un-dia-dejaron-una-mujer-con-fractura-y-varios-heridos-leves","status":"publish","type":"post","link":"https:\/\/eldiariodesanpedro.com.ar\/sitio\/tres-accidentes-de-transito-en-un-dia-dejaron-una-mujer-con-fractura-y-varios-heridos-leves\/","title":{"rendered":"Tres accidentes de tr\u00e1nsito en un d\u00eda dejaron una mujer con fractura y varios heridos leves"},"content":{"rendered":"<!-- VideographyWP Plugin Message: Automatic video embedding prevented by plugin options. -->\n\n<p>Un total de tres siniestros viales se registraron en una misma jornada. Hubo lesionados de distinta consideraci\u00f3n y todos los casos quedaron bajo investigaci\u00f3n.<\/p>\n\n\n\n<p>Durante la jornada de ayer, personal policial intervino en <strong>tres accidentes de tr\u00e1nsito ocurridos en distintos puntos de la ciudad<\/strong>, que involucraron principalmente a autom\u00f3viles y motocicletas.<\/p>\n\n\n\n<p>El primero de los hechos se produjo en la <strong>intersecci\u00f3n de Belgrano y Auli<\/strong>, donde, por causas que se investigan, colisionaron un <strong>Volkswagen Suran conducido por una mujer de 46 a\u00f1os<\/strong> y una <strong>motocicleta Mondial Dax 70 cc guiada por una mujer de 26 a\u00f1os<\/strong>. Como consecuencia del impacto, la conductora del rodado menor fue trasladada al hospital local, donde se constat\u00f3 que presentaba <strong>escoriaciones sin complicaciones<\/strong>.<\/p>\n\n\n\n<p>El segundo siniestro tuvo lugar en <strong>Uruguay y Avenida 3 de Febrero<\/strong>, con la participaci\u00f3n de un <strong>Nissan Tiida conducido por una mujer de 55 a\u00f1os<\/strong> y una <strong>motocicleta Guerrero 110 cc manejada por una mujer de 48 a\u00f1os<\/strong>. La motociclista fue derivada al nosocomio, donde se determin\u00f3 que sufri\u00f3 <strong>lesiones leves<\/strong>.<\/p>\n\n\n\n<p>El tercer hecho, de mayor gravedad, ocurri\u00f3 en la intersecci\u00f3n de <strong>Brenan y B. Sampedrinas<\/strong>, donde impactaron un <strong>Honda Civic conducido por una mujer de 35 a\u00f1os<\/strong> y una <strong>motocicleta Motomel 110 cc guiada por una mujer de 27 a\u00f1os<\/strong>, quien viajaba acompa\u00f1ada por <strong>dos menores de 6 y 2 a\u00f1os<\/strong>. Tras el siniestro, todos fueron trasladados al hospital local. All\u00ed se confirm\u00f3 que la conductora del rodado menor presentaba <strong>fractura de tibia y peron\u00e9<\/strong>, mientras que los ni\u00f1os resultaron <strong>ilesos<\/strong>.<\/p>\n\n\n\n<p>En los tres casos intervino la <strong>UFI 7 San Pedro<\/strong>, que lleva adelante las actuaciones correspondientes para determinar las circunstancias de cada hecho.<\/p>\n\n\n\n<p>#Accidente #Transito #SeguridadVial #Policiales #Motociclistas #Choque #Hospital #Lesionados<\/p>\n\n\n\n<div class=\"wp-block-jetpack-slideshow aligncenter\" data-effect=\"slide\" style=\"--aspect-ratio:calc(660 \/ 372)\"><div class=\"wp-block-jetpack-slideshow_container swiper\"><ul class=\"wp-block-jetpack-slideshow_swiper-wrapper swiper-wrapper\"><li class=\"wp-block-jetpack-slideshow_slide swiper-slide\"><figure><img decoding=\"async\" width=\"660\" height=\"372\" alt=\"\" class=\"wp-block-jetpack-slideshow_image wp-image-150445 lazyload\" data-id=\"150445\" data-aspect-ratio=\"660 \/ 372\" data-src=\"https:\/\/eldiariodesanpedro.com.ar\/sitio\/wp-content\/uploads\/2026\/04\/19.jpg\" data-srcset=\"https:\/\/eldiariodesanpedro.com.ar\/sitio\/wp-content\/uploads\/2026\/04\/19.jpg 660w, https:\/\/eldiariodesanpedro.com.ar\/sitio\/wp-content\/uploads\/2026\/04\/19-300x169.jpg 300w\" data-sizes=\"(max-width: 660px) 100vw, 660px\" src=\"data:image\/svg+xml;base64,PHN2ZyB3aWR0aD0iMSIgaGVpZ2h0PSIxIiB4bWxucz0iaHR0cDovL3d3dy53My5vcmcvMjAwMC9zdmciPjwvc3ZnPg==\" style=\"--smush-placeholder-width: 660px; --smush-placeholder-aspect-ratio: 660\/372;\" \/><\/figure><\/li><li class=\"wp-block-jetpack-slideshow_slide swiper-slide\"><figure><img decoding=\"async\" width=\"660\" height=\"343\" alt=\"\" class=\"wp-block-jetpack-slideshow_image wp-image-150446 lazyload\" data-id=\"150446\" data-aspect-ratio=\"660 \/ 343\" data-src=\"https:\/\/eldiariodesanpedro.com.ar\/sitio\/wp-content\/uploads\/2026\/04\/20.jpg\" data-srcset=\"https:\/\/eldiariodesanpedro.com.ar\/sitio\/wp-content\/uploads\/2026\/04\/20.jpg 660w, https:\/\/eldiariodesanpedro.com.ar\/sitio\/wp-content\/uploads\/2026\/04\/20-300x156.jpg 300w\" data-sizes=\"(max-width: 660px) 100vw, 660px\" src=\"data:image\/svg+xml;base64,PHN2ZyB3aWR0aD0iMSIgaGVpZ2h0PSIxIiB4bWxucz0iaHR0cDovL3d3dy53My5vcmcvMjAwMC9zdmciPjwvc3ZnPg==\" style=\"--smush-placeholder-width: 660px; --smush-placeholder-aspect-ratio: 660\/343;\" \/><\/figure><\/li><li class=\"wp-block-jetpack-slideshow_slide swiper-slide\"><figure><img decoding=\"async\" width=\"959\" height=\"400\" alt=\"\" class=\"wp-block-jetpack-slideshow_image wp-image-150447 lazyload\" data-id=\"150447\" data-aspect-ratio=\"959 \/ 400\" data-src=\"https:\/\/eldiariodesanpedro.com.ar\/sitio\/wp-content\/uploads\/2026\/04\/21.jpg\" data-srcset=\"https:\/\/eldiariodesanpedro.com.ar\/sitio\/wp-content\/uploads\/2026\/04\/21.jpg 959w, https:\/\/eldiariodesanpedro.com.ar\/sitio\/wp-content\/uploads\/2026\/04\/21-300x125.jpg 300w, https:\/\/eldiariodesanpedro.com.ar\/sitio\/wp-content\/uploads\/2026\/04\/21-768x320.jpg 768w\" data-sizes=\"(max-width: 959px) 100vw, 959px\" src=\"data:image\/svg+xml;base64,PHN2ZyB3aWR0aD0iMSIgaGVpZ2h0PSIxIiB4bWxucz0iaHR0cDovL3d3dy53My5vcmcvMjAwMC9zdmciPjwvc3ZnPg==\" style=\"--smush-placeholder-width: 959px; --smush-placeholder-aspect-ratio: 959\/400;\" \/><\/figure><\/li><\/ul><a class=\"wp-block-jetpack-slideshow_button-prev swiper-button-prev swiper-button-white\" role=\"button\"><\/a><a class=\"wp-block-jetpack-slideshow_button-next swiper-button-next swiper-button-white\" role=\"button\"><\/a><a aria-label=\"Pause Slideshow\" class=\"wp-block-jetpack-slideshow_button-pause\" role=\"button\"><\/a><div class=\"wp-block-jetpack-slideshow_pagination swiper-pagination swiper-pagination-white\"><\/div><\/div><\/div>\n","protected":false},"excerpt":{"rendered":"<p>Un total de tres siniestros viales se registraron en una misma jornada. Hubo lesionados de distinta consideraci\u00f3n y todos los casos quedaron bajo investigaci\u00f3n. Durante la jornada de ayer, personal policial intervino en tres accidentes de tr\u00e1nsito ocurridos en distintos puntos de la ciudad, que involucraron principalmente a autom\u00f3viles y motocicletas. El primero de los [&hellip;]<\/p>\n","protected":false},"author":4,"featured_media":150444,"comment_status":"closed","ping_status":"closed","sticky":false,"template":"","format":"standard","meta":{"om_disable_all_campaigns":false,"_jetpack_memberships_contains_paid_content":false,"footnotes":""},"categories":[2,103],"tags":[3885,10591,10592,6127,8242,3694,6913,2761,9422,5861],"class_list":["post-150443","post","type-post","status-publish","format-standard","has-post-thumbnail","hentry","category-locales","category-policiales-locales","tag-accidentes-de-transito","tag-choque-entre-auto-y-moto","tag-fractura-de-tibia-y-perone","tag-heridos-leves","tag-hospital-local","tag-intervencion-policial","tag-motociclistas","tag-seguridad-vial","tag-siniestros-viales","tag-ufi-7-san-pedro"],"aioseo_notices":[],"gutentor_comment":0,"jetpack_featured_media_url":"https:\/\/eldiariodesanpedro.com.ar\/sitio\/wp-content\/uploads\/2026\/04\/accidentes-1.jpg","jetpack_shortlink":"https:\/\/wp.me\/p6RhLt-D8v","jetpack_sharing_enabled":true,"_links":{"self":[{"href":"https:\/\/eldiariodesanpedro.com.ar\/sitio\/wp-json\/wp\/v2\/posts\/150443","targetHints":{"allow":["GET"]}}],"collection":[{"href":"https:\/\/eldiariodesanpedro.com.ar\/sitio\/wp-json\/wp\/v2\/posts"}],"about":[{"href":"https:\/\/eldiariodesanpedro.com.ar\/sitio\/wp-json\/wp\/v2\/types\/post"}],"author":[{"embeddable":true,"href":"https:\/\/eldiariodesanpedro.com.ar\/sitio\/wp-json\/wp\/v2\/users\/4"}],"replies":[{"embeddable":true,"href":"https:\/\/eldiariodesanpedro.com.ar\/sitio\/wp-json\/wp\/v2\/comments?post=150443"}],"version-history":[{"count":1,"href":"https:\/\/eldiariodesanpedro.com.ar\/sitio\/wp-json\/wp\/v2\/posts\/150443\/revisions"}],"predecessor-version":[{"id":150448,"href":"https:\/\/eldiariodesanpedro.com.ar\/sitio\/wp-json\/wp\/v2\/posts\/150443\/revisions\/150448"}],"wp:featuredmedia":[{"embeddable":true,"href":"https:\/\/eldiariodesanpedro.com.ar\/sitio\/wp-json\/wp\/v2\/media\/150444"}],"wp:attachment":[{"href":"https:\/\/eldiariodesanpedro.com.ar\/sitio\/wp-json\/wp\/v2\/media?parent=150443"}],"wp:term":[{"taxonomy":"category","embeddable":true,"href":"https:\/\/eldiariodesanpedro.com.ar\/sitio\/wp-json\/wp\/v2\/categories?post=150443"},{"taxonomy":"post_tag","embeddable":true,"href":"https:\/\/eldiariodesanpedro.com.ar\/sitio\/wp-json\/wp\/v2\/tags?post=150443"}],"curies":[{"name":"wp","href":"https:\/\/api.w.org\/{rel}","templated":true}]}}